{"id":305827,"date":"2021-11-03T21:02:18","date_gmt":"2021-11-04T01:02:18","guid":{"rendered":"http:\/\/diariodominicano.com\/?p=305827"},"modified":"2021-11-03T21:05:58","modified_gmt":"2021-11-04T01:05:58","slug":"mpd-pide-destitucion-y-carcel-para-los-congresistas-que-violen-leyes","status":"publish","type":"post","link":"https:\/\/diariodominicano.com\/?p=305827","title":{"rendered":"MPD pide destituci\u00f3n y c\u00e1rcel para los congresistas que violen leyes"},"content":{"rendered":"\n<p>Pablo Ferreiras, vocero nacional del MPD.<\/p>\n\n\n\n<p><strong>Santo Domingo, D.N, 3 de noviembre 2021.- <\/strong> El Movimiento Popular Dominicano (MPD) consider\u00f3 hoy que todos los congresistas envueltos en violaciones a las leyes e irregularidades deben ser destituidos y puesto a disposici\u00f3n de la justicia.\u00a0<\/p>\n\n\n\n<p>El MPD plantea que los actos de falsificaci\u00f3n\u00a0 de los datos de los supuestos beneficiarios que nunca han recibido las ayudas justificadas a sus nombres, tienen que traer como consecuencia que la Procuradur\u00eda Anticorrupci\u00f3n abra una investigaci\u00f3n objetiva que ponga en claro cu\u00e1les son\u00a0 los senadores y diputados que falsean los destinatarios de las supuestas ayudas y aportaciones que, tal cual se ha demostrado.<\/p>\n\n\n\n<p>\u201cTodos los congresistas evidenciados como defraudadores de los fondos puestos a su disposici\u00f3n y que sean incapaces de demostrar de manera correcta e inequ\u00edvoca que esos fondos hayan ido a manos de los que, seg\u00fan&nbsp; sus informes han sido los&nbsp; beneficiarios, deben ser sometidos a la justicia, licenciados en sus funciones y que reciban todo el peso de la ley,&nbsp; impidi\u00e9ndoseles cualquier aspiraci\u00f3n futura a cargos electivos, luego de cumplir las condenas a las que puedan ser sentenciados\u201d, expres\u00f3 Pablo Ferreiras, vocero nacional del MPD.<\/p>\n\n\n\n<p>Seg\u00fan Ferreiras, la sociedad no puede seguir soportando la afrenta de tener funcionarios y legisladores que act\u00faan como delincuentes contumaces sin que hasta ellos pueda llegar ning\u00fan tipo de persecuci\u00f3n judicial.<\/p>\n\n\n\n<p>\u201cEs tiempo de que los distintos sectores nos empoderemos y asumamos la consigna colectiva de que estos se\u00f1ores tengan que dar cuenta de sus actuaciones dolosas y contrarias al buen vivir; el pa\u00eds no puede seguir de espalda a una realidad social en la cual solo se estigmatiza como delincuentes a los infelices del pueblo, que v\u00edctimas de la violaci\u00f3n institucionalizada de sus derechos por parte del Estado para beneficio exclusivo de una \u00ednfima minor\u00eda privilegiada, son empujados a cometer actos delictivos\u201d, explic\u00f3 el portavoz emepedeista.<\/p>\n\n\n\n<p>La organizaci\u00f3n de izquierda considera que el simple cumplimiento de las leyes y la Constituci\u00f3n Dominicana, har\u00edan innecesario y superfluo la cohabitaci\u00f3n de tantos programas de asistencia que solo sirven para mitigar las miserias en las que viven las inmensas mayor\u00edas nacionales, al tiempo que crean las condiciones para que los corruptos puedan medrar los recursos del pueblo. Bastar\u00eda que el propio\u00a0 Estado cumpla las funciones que la Constituci\u00f3n le ordena, sobre todo las que est\u00e1n consignadas en el\u00a0 art\u00edculo 8.<\/p>\n\n\n\n<p><strong>Angel garcia zalazar<\/strong>\u00a0&lt;agarcialocutor@gmail.com><\/p>\n\n\n\n<p><\/p>\n","protected":false},"excerpt":{"rendered":"<p>Pablo Ferreiras, vocero nacional del MPD. Santo Domingo, D.N, 3 de noviembre 2021.- El Movimiento Popular Dominicano (MPD) consider\u00f3 hoy que todos los congresistas envueltos en violaciones a las leyes e irregularidades deben ser destituidos y puesto a disposici\u00f3n de la justicia.\u00a0 El MPD plantea que los actos de falsificaci\u00f3n\u00a0 de los datos de los [&hellip;]<\/p>\n","protected":false},"author":2,"featured_media":305828,"comment_status":"closed","ping_status":"","sticky":true,"template":"","format":"standard","meta":{"footnotes":""},"categories":[22,27],"tags":[],"class_list":["post-305827","post","type-post","status-publish","format-standard","has-post-thumbnail","hentry","category-politica","category-portada"],"_links":{"self":[{"href":"https:\/\/diariodominicano.com\/index.php?rest_route=\/wp\/v2\/posts\/305827","targetHints":{"allow":["GET"]}}],"collection":[{"href":"https:\/\/diariodominicano.com\/index.php?rest_route=\/wp\/v2\/posts"}],"about":[{"href":"https:\/\/diariodominicano.com\/index.php?rest_route=\/wp\/v2\/types\/post"}],"author":[{"embeddable":true,"href":"https:\/\/diariodominicano.com\/index.php?rest_route=\/wp\/v2\/users\/2"}],"replies":[{"embeddable":true,"href":"https:\/\/diariodominicano.com\/index.php?rest_route=%2Fwp%2Fv2%2Fcomments&post=305827"}],"version-history":[{"count":2,"href":"https:\/\/diariodominicano.com\/index.php?rest_route=\/wp\/v2\/posts\/305827\/revisions"}],"predecessor-version":[{"id":305834,"href":"https:\/\/diariodominicano.com\/index.php?rest_route=\/wp\/v2\/posts\/305827\/revisions\/305834"}],"wp:featuredmedia":[{"embeddable":true,"href":"https:\/\/diariodominicano.com\/index.php?rest_route=\/wp\/v2\/media\/305828"}],"wp:attachment":[{"href":"https:\/\/diariodominicano.com\/index.php?rest_route=%2Fwp%2Fv2%2Fmedia&parent=305827"}],"wp:term":[{"taxonomy":"category","embeddable":true,"href":"https:\/\/diariodominicano.com\/index.php?rest_route=%2Fwp%2Fv2%2Fcategories&post=305827"},{"taxonomy":"post_tag","embeddable":true,"href":"https:\/\/diariodominicano.com\/index.php?rest_route=%2Fwp%2Fv2%2Ftags&post=305827"}],"curies":[{"name":"wp","href":"https:\/\/api.w.org\/{rel}","templated":true}]}}