{"id":305760,"date":"2021-11-03T13:32:53","date_gmt":"2021-11-03T17:32:53","guid":{"rendered":"http:\/\/diariodominicano.com\/?p=305760"},"modified":"2021-11-03T13:32:53","modified_gmt":"2021-11-03T17:32:53","slug":"margarita-cedeno-aboga-por-politicas-publicas-efectivas-dirigidas-a-la-salud-mental","status":"publish","type":"post","link":"https:\/\/diariodominicano.com\/?p=305760","title":{"rendered":"Margarita Cede\u00f1o aboga por pol\u00edticas p\u00fablicas efectivas dirigidas a la salud mental"},"content":{"rendered":"\n<p><em>La exvicepresidenta de la Rep\u00fablica sostuvo que esta ser\u00e1 la d\u00e9cada de la b\u00fasqueda de la salud mental, al considerar que el confinamiento dej\u00f3 marcas contundentes en la poblaci\u00f3n<\/em><\/p>\n\n\n\n<p><strong>SANTO DOMINGO.<\/strong> &#8211; La ex vicepresidenta de la Rep\u00fablica, doctora Margarita Cede\u00f1o, abog\u00f3 por la implementaci\u00f3n de pol\u00edticas p\u00fablicas dirigidas a la salud mental, al considerar que esta ser\u00e1 una d\u00e9cada donde se deber\u00e1 fortalecer ese sector, debido a los trastornos que ha ocasionado en la poblaci\u00f3n la pandemia del COVID-19.<\/p>\n\n\n\n<p>Al participar en un programa de radio, Cede\u00f1o calific\u00f3 la pandemia como una cat\u00e1strofe que coloca a la salud mental en la lista de prioridades que el Estado debe abordar, con la elaboraci\u00f3n de pol\u00edticas efectivas en ese campo de la salud.<\/p>\n\n\n\n<p>La ex vicepresidenta de la Rep\u00fablica insisti\u00f3 en que las secuelas de la pandemia en la salud mental de los ciudadanos debe ser una prioridad del sistema de salud, para elaborarse con el apoyo cient\u00edfico y t\u00e9cnico del Colegio Dominicano de Psic\u00f3logos y de la Sociedad Dominicana de Psiquiatr\u00eda.<\/p>\n\n\n\n<p>Sostuvo que para fortalecer la salud mental se requieren respuestas que, adem\u00e1s de apoyo a la poblaci\u00f3n, tambi\u00e9n se facilite el acceso a insumos, herramientas, programas de protecci\u00f3n social y la articulaci\u00f3n de pol\u00edticas conjuntas del sector p\u00fablico.<\/p>\n\n\n\n<p>\u201cLidiar con la p\u00e9rdida de un ser querido, sobreponerse a la incertidumbre que genera la situaci\u00f3n del COVID-19, enfrentar los retos econ\u00f3micos que traen las crisis de esta naturaleza o simplemente tener que adaptarse a un nuevo estilo de vida, son solamente algunas de las situaciones que pueden traducirse en el deterioro de la salud mental\u201d, manifest\u00f3 Margarita Cede\u00f1o.<\/p>\n\n\n\n<p>Record\u00f3 que antes de la pandemia, la Organizaci\u00f3n Mundial de la Salud report\u00f3 que 264 millones de personas en el mundo sufr\u00edan de depresi\u00f3n, que alrededor de la mitad de los trastornos mentales empiezan a partir de los 14 a\u00f1os y el suicidio es la segunda causa de muerte entre los j\u00f3venes de 15 a 29 a\u00f1os.<\/p>\n\n\n\n<p>Detall\u00f3 que, en pa\u00edses de ingresos medios como Rep\u00fablica Dominicana, entre un 76% y un 85% de los ciudadanos con trastornos mentales graves no reciben el tratamiento adecuado y que en muchos casos las personas ni siquiera tienen conciencia de la existencia de enfermedades mentales que, de no ser tratadas correctamente por profesionales, pueden resultar en serias limitaciones para el desarrollo personal y profesional.<\/p>\n\n\n\n<p>\u201c<a>Esta d\u00e9cada debe ser la de la b\u00fasqueda de la salud mental, porque el confinamiento dej\u00f3 marcas contundentes en toda la poblaci\u00f3n<\/a>, generando que uno de cada dos j\u00f3venes sintiera menos motivaci\u00f3n para realizar actividades, una de cada tres sufriera ansiedad y un 15% reportara depresi\u00f3n\u201d, indic\u00f3.<\/p>\n\n\n\n<p>Recalc\u00f3 que el pa\u00eds, mediante sus pol\u00edticas p\u00fablicas, debe enfrentar el reto de la salud mental a tiempo, antes de que sea una nueva pandemia.<\/p>\n\n\n\n<p>\u201cTodos podemos estar de acuerdo en que hay una necesidad de actuar en relaci\u00f3n con la salud mental, tanto para minimizar las consecuencias de un a\u00f1o y medio de una crisis sin precedentes, como para atender las situaciones que ya exist\u00edan antes de la pandemia\u201d, manifest\u00f3.<\/p>\n\n\n\n<p>Sobre la importancia del tema, la ex vicepresidenta de la Rep\u00fablica ha publicado art\u00edculos en los peri\u00f3dicos, en sus redes sociales y ha participado en programas de radio y televisi\u00f3n.<\/p>\n\n\n\n<p>Justo Maracallo<\/p>\n","protected":false},"excerpt":{"rendered":"<p>La exvicepresidenta de la Rep\u00fablica sostuvo que esta ser\u00e1 la d\u00e9cada de la b\u00fasqueda de la salud mental, al considerar que el confinamiento dej\u00f3 marcas contundentes en la poblaci\u00f3n SANTO DOMINGO. &#8211; La ex vicepresidenta de la Rep\u00fablica, doctora Margarita Cede\u00f1o, abog\u00f3 por la implementaci\u00f3n de pol\u00edticas p\u00fablicas dirigidas a la salud mental, al considerar [&hellip;]<\/p>\n","protected":false},"author":2,"featured_media":305761,"comment_status":"closed","ping_status":"","sticky":true,"template":"","format":"standard","meta":{"footnotes":""},"categories":[22,27],"tags":[],"class_list":["post-305760","post","type-post","status-publish","format-standard","has-post-thumbnail","hentry","category-politica","category-portada"],"_links":{"self":[{"href":"https:\/\/diariodominicano.com\/index.php?rest_route=\/wp\/v2\/posts\/305760","targetHints":{"allow":["GET"]}}],"collection":[{"href":"https:\/\/diariodominicano.com\/index.php?rest_route=\/wp\/v2\/posts"}],"about":[{"href":"https:\/\/diariodominicano.com\/index.php?rest_route=\/wp\/v2\/types\/post"}],"author":[{"embeddable":true,"href":"https:\/\/diariodominicano.com\/index.php?rest_route=\/wp\/v2\/users\/2"}],"replies":[{"embeddable":true,"href":"https:\/\/diariodominicano.com\/index.php?rest_route=%2Fwp%2Fv2%2Fcomments&post=305760"}],"version-history":[{"count":1,"href":"https:\/\/diariodominicano.com\/index.php?rest_route=\/wp\/v2\/posts\/305760\/revisions"}],"predecessor-version":[{"id":305762,"href":"https:\/\/diariodominicano.com\/index.php?rest_route=\/wp\/v2\/posts\/305760\/revisions\/305762"}],"wp:featuredmedia":[{"embeddable":true,"href":"https:\/\/diariodominicano.com\/index.php?rest_route=\/wp\/v2\/media\/305761"}],"wp:attachment":[{"href":"https:\/\/diariodominicano.com\/index.php?rest_route=%2Fwp%2Fv2%2Fmedia&parent=305760"}],"wp:term":[{"taxonomy":"category","embeddable":true,"href":"https:\/\/diariodominicano.com\/index.php?rest_route=%2Fwp%2Fv2%2Fcategories&post=305760"},{"taxonomy":"post_tag","embeddable":true,"href":"https:\/\/diariodominicano.com\/index.php?rest_route=%2Fwp%2Fv2%2Ftags&post=305760"}],"curies":[{"name":"wp","href":"https:\/\/api.w.org\/{rel}","templated":true}]}}