{"id":305440,"date":"2021-11-02T09:12:42","date_gmt":"2021-11-02T13:12:42","guid":{"rendered":"http:\/\/diariodominicano.com\/?p=305440"},"modified":"2021-11-02T09:12:42","modified_gmt":"2021-11-02T13:12:42","slug":"presidente-dominicano-llama-a-comunidad-internacional-actuar-de-urgencia-ante-crisis-de-haiti","status":"publish","type":"post","link":"https:\/\/diariodominicano.com\/?p=305440","title":{"rendered":"Presidente dominicano llama a comunidad internacional actuar de urgencia ante crisis de Hait\u00ed"},"content":{"rendered":"\n<p>diariodominicano.com<\/p>\n\n\n\n<p>Santo Domingo, 2 nov (Prensa Latina) El presidente dominicano, Luis Abinader, llam\u00f3  a la comunidad internacional a actuar con urgencia en Hait\u00ed, pa\u00eds que atraviesa una grave inestabilidad por la crisis pol\u00edtica y por la acci\u00f3n de bandas armadas.<\/p>\n\n\n\n<p>En las redes sociales el jefe de Estado escribi\u00f3: \u00abLa comunidad internacional, en particular Estados Unidos, Canad\u00e1, Francia y la Uni\u00f3n Europea, deben actuar en Hait\u00ed y con urgencia. Rep\u00fablica Dominicana continuar\u00e1 el plan anunciado con medidas migratorias estrictas\u201d.<\/p>\n\n\n\n<p>Similar alerta hizo Abinader en la Asamblea General de la ONU y este lunes el ministro de Relaciones Exteriores, Roberto \u00c1lvarez, expres\u00f3 c\u00f3mo a pesar de las alertas lanzadas por el pa\u00eds acerca de la situaci\u00f3n que se vive en Hait\u00ed, la comunidad internacional no ha reaccionado de la manera debida ante la crisis social y pol\u00edtica en esa naci\u00f3n.<\/p>\n\n\n\n<p>La v\u00edspera, el papa Francisco solicit\u00f3 a los l\u00edderes de naciones acudir en auxilio de Hait\u00ed y pidi\u00f3 no dejarla sola.<\/p>\n\n\n\n<p>La crisis en Hait\u00ed se ha agravado en las \u00faltimas semanas, situaci\u00f3n que ha causado desabastecimiento de combustible y un crecimiento de secuestros.<\/p>\n\n\n\n<p>Solo en los primeros 16 d\u00edas de octubre, el Centro de An\u00e1lisis e Investigaci\u00f3n en Derechos Humanos registr\u00f3 119 secuestros, entre ellos 16 misioneros de Estados Unidos y Canad\u00e1, que a\u00fan est\u00e1n en manos de sus captores.<\/p>\n\n\n\n<p>jha\/ema<\/p>\n","protected":false},"excerpt":{"rendered":"<p>diariodominicano.com Santo Domingo, 2 nov (Prensa Latina) El presidente dominicano, Luis Abinader, llam\u00f3 a la comunidad internacional a actuar con urgencia en Hait\u00ed, pa\u00eds que atraviesa una grave inestabilidad por la crisis pol\u00edtica y por la acci\u00f3n de bandas armadas. En las redes sociales el jefe de Estado escribi\u00f3: \u00abLa comunidad internacional, en particular Estados [&hellip;]<\/p>\n","protected":false},"author":5,"featured_media":305494,"comment_status":"closed","ping_status":"","sticky":true,"template":"","format":"standard","meta":{"footnotes":""},"categories":[20,27],"tags":[],"class_list":["post-305440","post","type-post","status-publish","format-standard","has-post-thumbnail","hentry","category-dominicana-hoy","category-portada"],"_links":{"self":[{"href":"https:\/\/diariodominicano.com\/index.php?rest_route=\/wp\/v2\/posts\/305440","targetHints":{"allow":["GET"]}}],"collection":[{"href":"https:\/\/diariodominicano.com\/index.php?rest_route=\/wp\/v2\/posts"}],"about":[{"href":"https:\/\/diariodominicano.com\/index.php?rest_route=\/wp\/v2\/types\/post"}],"author":[{"embeddable":true,"href":"https:\/\/diariodominicano.com\/index.php?rest_route=\/wp\/v2\/users\/5"}],"replies":[{"embeddable":true,"href":"https:\/\/diariodominicano.com\/index.php?rest_route=%2Fwp%2Fv2%2Fcomments&post=305440"}],"version-history":[{"count":1,"href":"https:\/\/diariodominicano.com\/index.php?rest_route=\/wp\/v2\/posts\/305440\/revisions"}],"predecessor-version":[{"id":305495,"href":"https:\/\/diariodominicano.com\/index.php?rest_route=\/wp\/v2\/posts\/305440\/revisions\/305495"}],"wp:featuredmedia":[{"embeddable":true,"href":"https:\/\/diariodominicano.com\/index.php?rest_route=\/wp\/v2\/media\/305494"}],"wp:attachment":[{"href":"https:\/\/diariodominicano.com\/index.php?rest_route=%2Fwp%2Fv2%2Fmedia&parent=305440"}],"wp:term":[{"taxonomy":"category","embeddable":true,"href":"https:\/\/diariodominicano.com\/index.php?rest_route=%2Fwp%2Fv2%2Fcategories&post=305440"},{"taxonomy":"post_tag","embeddable":true,"href":"https:\/\/diariodominicano.com\/index.php?rest_route=%2Fwp%2Fv2%2Ftags&post=305440"}],"curies":[{"name":"wp","href":"https:\/\/api.w.org\/{rel}","templated":true}]}}