{"id":305354,"date":"2021-11-01T22:55:24","date_gmt":"2021-11-02T02:55:24","guid":{"rendered":"http:\/\/diariodominicano.com\/?p=305354"},"modified":"2021-11-01T22:55:24","modified_gmt":"2021-11-02T02:55:24","slug":"gobierno-inicia-trabajos-de-asfaltado-en-la-provincia-san-cristobal","status":"publish","type":"post","link":"https:\/\/diariodominicano.com\/?p=305354","title":{"rendered":"Gobierno inicia trabajos de asfaltado en la provincia San Crist\u00f3bal"},"content":{"rendered":"\n<p>diariodominicano.com<\/p>\n\n\n\n<p>San Crist\u00f3bal,  1 de noviembre, 2021.\u2013 El Gobierno dominicano, a trav\u00e9s del Ministerio de Obras P\u00fablicas y Comunicaciones (MOPC) inici\u00f3 los trabajos de asfaltado y bacheo de calles y avenidas en distintos sectores de esta provincia.<\/p>\n\n\n\n<p>Las labores dan cumplimiento a la promesa del presidente Luis Abinader, quien encomend\u00f3 al ministro Deligne Ascenci\u00f3n, ante decenas de representantes de las juntas de vecinos de esta localidad, la ejecuci\u00f3n de este programa.<\/p>\n\n\n\n<p>Las mejoras se iniciaron en el tramo que conecta la autopista 6 de Noviembre con la avenida Constituci\u00f3n y abarcar\u00e1n las principales avenidas y calles, tanto de la ciudad, como de los barrios de los distintos municipios, incluyendo las aceras y contenes.<\/p>\n\n\n\n<p>Los trabajos tambi\u00e9n incluyen la construcci\u00f3n de un muro de gaviones en el empalme de la autopista 6 de Noviembre con la avenida Constituci\u00f3n, as\u00ed como asfaltado y bacheo a partir de este lunes en el municipio Villa Altagracia, explic\u00f3 el ingeniero Alejandro Brito, director de Pavimentaci\u00f3n de Obras P\u00fablicas.<\/p>\n\n\n\n<p>El ingeniero Pedro Mej\u00eda, en representaci\u00f3n del ministro Ascenci\u00f3n, dijo que con el inicio de los trabajos de asfaltado en San Crist\u00f3bal \u201cse da cumplimiento a las palabras del presidente Luis Abinader, quien prometi\u00f3 a las juntas de vecinos pavimentar los barrios y la continuaci\u00f3n de lo que venimos haciendo en todo el pa\u00eds; un programa de adecentamiento de todas las calles.<\/p>\n\n\n\n<p>La gobernadora provincial, Pura Casilla, expres\u00f3 que los trabajos de asfaltado eran muy esperados en toda la provincia de San Crist\u00f3bal. \u201cLo hab\u00edamos solicitado, y sab\u00edamos que estaban en proceso de licitaci\u00f3n, pero ya, gracias a Dios, por disposici\u00f3n del presidente Luis Abinader y el ministro de Obras P\u00fablicas, Deligne Ascenci\u00f3n, estamos viendo que lleg\u00f3 el asfalto a San Crist\u00f3bal\u201d.<\/p>\n\n\n\n<p>Al respecto, la gobernadora adelant\u00f3 que todas las calles que han sido preparadas van a ser asfaltadas y las restantes se ir\u00e1n preparando en conjunto con las autoridades municipales, \u201cpara dar respuesta a un compromiso del presidente Abinader y de todos nosotros con las comunidades\u201d.<\/p>\n\n\n\n<p><strong>Comunitarios agradecidos<\/strong><\/p>\n\n\n\n<p>Por su parte, comunitarios de distintos sectores de San Crist\u00f3bal agradecieron al presidente Abinader y al MOPC por haber respondido a sus reclamos para que se pavimentaran sus calles.<\/p>\n\n\n\n<p>Frank Villar calific\u00f3 de muy importante que se hayan iniciado los trabajos, y el hecho de que el MOPC lo est\u00e9 haciendo \u201ces un bien para nosotros\u201d.<\/p>\n\n\n\n<p>Andrea Ortega, quien dijo reside desde hace 45 a\u00f1os en la antigua Carretera S\u00e1nchez, dijo estar alegre porque le asfaltaron su calle, \u201cque estaba un poco fea, y que est\u00e9n trabajando aqu\u00ed es un logro para todos ac\u00e1\u201d.<\/p>\n\n\n\n<p>Mientras que Jos\u00e9 Amancio Encarnaci\u00f3n dijo que \u201cesto se ve muy bien, porque ten\u00edamos calles que no pod\u00edamos ni caminar por ellas\u201d.<\/p>\n\n\n\n<p>Fuente: Direcci\u00f3n de Estrategia y Comunicaci\u00f3n Gubernamental<\/p>\n\n\n\n<p>Ministerio Administrativo de la Presidencia de la Rep\u00fablica Dominicana<\/p>\n","protected":false},"excerpt":{"rendered":"<p>diariodominicano.com San Crist\u00f3bal, 1 de noviembre, 2021.\u2013 El Gobierno dominicano, a trav\u00e9s del Ministerio de Obras P\u00fablicas y Comunicaciones (MOPC) inici\u00f3 los trabajos de asfaltado y bacheo de calles y avenidas en distintos sectores de esta provincia. Las labores dan cumplimiento a la promesa del presidente Luis Abinader, quien encomend\u00f3 al ministro Deligne Ascenci\u00f3n, ante [&hellip;]<\/p>\n","protected":false},"author":5,"featured_media":305357,"comment_status":"closed","ping_status":"","sticky":true,"template":"","format":"standard","meta":{"footnotes":""},"categories":[20,27],"tags":[],"class_list":["post-305354","post","type-post","status-publish","format-standard","has-post-thumbnail","hentry","category-dominicana-hoy","category-portada"],"_links":{"self":[{"href":"https:\/\/diariodominicano.com\/index.php?rest_route=\/wp\/v2\/posts\/305354","targetHints":{"allow":["GET"]}}],"collection":[{"href":"https:\/\/diariodominicano.com\/index.php?rest_route=\/wp\/v2\/posts"}],"about":[{"href":"https:\/\/diariodominicano.com\/index.php?rest_route=\/wp\/v2\/types\/post"}],"author":[{"embeddable":true,"href":"https:\/\/diariodominicano.com\/index.php?rest_route=\/wp\/v2\/users\/5"}],"replies":[{"embeddable":true,"href":"https:\/\/diariodominicano.com\/index.php?rest_route=%2Fwp%2Fv2%2Fcomments&post=305354"}],"version-history":[{"count":1,"href":"https:\/\/diariodominicano.com\/index.php?rest_route=\/wp\/v2\/posts\/305354\/revisions"}],"predecessor-version":[{"id":305358,"href":"https:\/\/diariodominicano.com\/index.php?rest_route=\/wp\/v2\/posts\/305354\/revisions\/305358"}],"wp:featuredmedia":[{"embeddable":true,"href":"https:\/\/diariodominicano.com\/index.php?rest_route=\/wp\/v2\/media\/305357"}],"wp:attachment":[{"href":"https:\/\/diariodominicano.com\/index.php?rest_route=%2Fwp%2Fv2%2Fmedia&parent=305354"}],"wp:term":[{"taxonomy":"category","embeddable":true,"href":"https:\/\/diariodominicano.com\/index.php?rest_route=%2Fwp%2Fv2%2Fcategories&post=305354"},{"taxonomy":"post_tag","embeddable":true,"href":"https:\/\/diariodominicano.com\/index.php?rest_route=%2Fwp%2Fv2%2Ftags&post=305354"}],"curies":[{"name":"wp","href":"https:\/\/api.w.org\/{rel}","templated":true}]}}