{"id":304722,"date":"2021-10-30T14:39:25","date_gmt":"2021-10-30T18:39:25","guid":{"rendered":"http:\/\/diariodominicano.com\/?p=304722"},"modified":"2021-10-30T14:39:25","modified_gmt":"2021-10-30T18:39:25","slug":"cubanos-amplian-registro-goleador-en-balonmano-de-espana","status":"publish","type":"post","link":"https:\/\/diariodominicano.com\/?p=304722","title":{"rendered":"Cubanos ampl\u00edan registro goleador en balonmano de Espa\u00f1a"},"content":{"rendered":"\n<p><strong>Madrid, 30 oct (Prensa Latina<\/strong>) Los cubanos \u00c1ngel Jes\u00fas Rivero y Dariel Garc\u00eda ampliaron hoy su registro goleador como miembros del Logro\u00f1o La Rioja y el Bidosa Irun en la m\u00e1xima categor\u00eda del balonmano masculino de Espa\u00f1a.Share on facebook\u00a0Share on twitter\u00a0Share on whatsapp\u00a0Share on telegram\u00a0Share on email<\/p>\n\n\n\n<ul class=\"wp-block-list\"><li>octubre 30, 2021<\/li><li>14:35 ( UTC -04:00 )<\/li><\/ul>\n\n\n\n<ul class=\"wp-block-list\"><li><a href=\"https:\/\/www.prensa-latina.cu\/author\/yma\">Por:&nbsp;Yodeni Mas\u00f3 Aguila<\/a><\/li><\/ul>\n\n\n\n<p>El lateral Rivero elev\u00f3 a 31 sus anotaciones con el elenco de La Rioja y Garc\u00eda mejor\u00f3 a 14 los tantos dentro de la formaci\u00f3n de Irun, para poner sabor antillano en la novena fecha de la actual temporada de la Divisi\u00f3n Honor.<\/p>\n\n\n\n<p>De 29 a\u00f1os, Rivero marc\u00f3 tres dianas en el fracaso del Logro\u00f1o ante el Fraikin BM. Granollers por 29-31 y promedia ahora casi cuatro anotaciones por desaf\u00edo, para figurar como el cuarto m\u00e1ximo goleador del club y entre los primeros 30 del torneo.<\/p>\n\n\n\n<p>Por su parte, Garc\u00eda anot\u00f3 en dos ocasiones en la victoria de Irun 36-29 sobre \u00c1ngel Xim\u00e9nez-Puente Genil y suma en cada salida m\u00e1s minutos de acci\u00f3n.<\/p>\n\n\n\n<p>En la tabla general, el Bidosa Irun de Garc\u00eda ocupa la segunda posici\u00f3n avalado por seis sonrisas, un empate y dos descalabros; mientras, el Logro\u00f1o de Rivero figura en el cuarto lugar con balance de cinco victorias y cuatro derrotas.<\/p>\n\n\n\n<p>La principal competici\u00f3n del balonmano de Espa\u00f1a la lidera el Barca que mantuvo su invicto en ocho presentaciones, al aventajar 26-25 al BM. Benidorm en la jornada como visitante.<\/p>\n\n\n\n<p>npg\/yma<\/p>\n\n\n\n<p><\/p>\n","protected":false},"excerpt":{"rendered":"<p>Madrid, 30 oct (Prensa Latina) Los cubanos \u00c1ngel Jes\u00fas Rivero y Dariel Garc\u00eda ampliaron hoy su registro goleador como miembros del Logro\u00f1o La Rioja y el Bidosa Irun en la m\u00e1xima categor\u00eda del balonmano masculino de Espa\u00f1a.Share on facebook\u00a0Share on twitter\u00a0Share on whatsapp\u00a0Share on telegram\u00a0Share on email octubre 30, 2021 14:35 ( UTC -04:00 ) [&hellip;]<\/p>\n","protected":false},"author":2,"featured_media":0,"comment_status":"closed","ping_status":"","sticky":false,"template":"","format":"standard","meta":{"footnotes":""},"categories":[17],"tags":[],"class_list":["post-304722","post","type-post","status-publish","format-standard","hentry","category-deportes"],"_links":{"self":[{"href":"https:\/\/diariodominicano.com\/index.php?rest_route=\/wp\/v2\/posts\/304722","targetHints":{"allow":["GET"]}}],"collection":[{"href":"https:\/\/diariodominicano.com\/index.php?rest_route=\/wp\/v2\/posts"}],"about":[{"href":"https:\/\/diariodominicano.com\/index.php?rest_route=\/wp\/v2\/types\/post"}],"author":[{"embeddable":true,"href":"https:\/\/diariodominicano.com\/index.php?rest_route=\/wp\/v2\/users\/2"}],"replies":[{"embeddable":true,"href":"https:\/\/diariodominicano.com\/index.php?rest_route=%2Fwp%2Fv2%2Fcomments&post=304722"}],"version-history":[{"count":1,"href":"https:\/\/diariodominicano.com\/index.php?rest_route=\/wp\/v2\/posts\/304722\/revisions"}],"predecessor-version":[{"id":304723,"href":"https:\/\/diariodominicano.com\/index.php?rest_route=\/wp\/v2\/posts\/304722\/revisions\/304723"}],"wp:attachment":[{"href":"https:\/\/diariodominicano.com\/index.php?rest_route=%2Fwp%2Fv2%2Fmedia&parent=304722"}],"wp:term":[{"taxonomy":"category","embeddable":true,"href":"https:\/\/diariodominicano.com\/index.php?rest_route=%2Fwp%2Fv2%2Fcategories&post=304722"},{"taxonomy":"post_tag","embeddable":true,"href":"https:\/\/diariodominicano.com\/index.php?rest_route=%2Fwp%2Fv2%2Ftags&post=304722"}],"curies":[{"name":"wp","href":"https:\/\/api.w.org\/{rel}","templated":true}]}}