{"id":304585,"date":"2021-10-29T13:50:37","date_gmt":"2021-10-29T17:50:37","guid":{"rendered":"http:\/\/diariodominicano.com\/?p=304585"},"modified":"2021-10-29T13:50:37","modified_gmt":"2021-10-29T17:50:37","slug":"fedombal-hara-campamento-con-los-jugadores-mas-destacados-de-la-liga-de-desarrollo-u22","status":"publish","type":"post","link":"https:\/\/diariodominicano.com\/?p=304585","title":{"rendered":"Fedombal har\u00e1 campamento con los jugadores m\u00e1s destacados de la Liga de Desarrollo U22"},"content":{"rendered":"\n<p><\/p>\n\n\n\n<figure class=\"wp-block-table\"><table><tbody><tr><td><strong>Odalis Sanchez<\/strong><\/td><td><img decoding=\"async\" src=\"https:\/\/mail.google.com\/mail\/u\/1\/images\/cleardot.gif\" alt=\"Adjuntos\"><\/td><td><\/td><td><img decoding=\"async\" src=\"https:\/\/mail.google.com\/mail\/u\/1\/images\/cleardot.gif\" alt=\"\"><img decoding=\"async\" src=\"https:\/\/mail.google.com\/mail\/u\/1\/images\/cleardot.gif\" alt=\"\"><\/td><\/tr><tr><td>i<\/td><\/tr><\/tbody><\/table><\/figure>\n\n\n\n<p><strong>Ser\u00e1 los 1 y 2 de noviembre en la primera semana, y 8 y 9  en el Palacio de los Deportes VTS<\/strong><\/p>\n\n\n\n<p><strong>SANTO DOMINGO, RD, 29 de octubre de 2021.-<\/strong>  La Federaci\u00f3n Dominicana de Baloncesto (Fedombal) y la Liga Nacional de Desarrollo U22 realizar\u00e1 un campamento nacional con los jugadores m\u00e1s destacados que participaron en el campeonato concluido el pasado 10 de octubre.<\/p>\n\n\n\n<p>La actividad se desarrollar\u00e1 los d\u00edas 1 y 2 de noviembre en la primera semana, y en la segunda 8 y 9 del mismo mes, en el Palacio de los Deportes Profesor Virgilio Travieso Soto, en horarios comprendidos entre 10:00 de la ma\u00f1ana a 12:30 del mediod\u00eda y de 4:00 a 6:00 de la tarde..<\/p>\n\n\n\n<p>Un total de 52 atletas de los que participaron en la Liga Nacional de Desarrollo 2021 fueron convocados, seg\u00fan informaron Jos\u00e9 -Ma\u00edta- Mercedes y Melvyn L\u00f3pez, director general de la LND U22 &nbsp;y entrenador de la selecci\u00f3n nacional de mayores, respectivamente.<\/p>\n\n\n\n<p>Destacaron que &nbsp;tambi\u00e9n fueron seleccionados cuatro entrenadores de esa misma liga.<\/p>\n\n\n\n<p>Entre los trabajos que tendr\u00e1n los jugadores est\u00e1n de distintas \u00e1reas, que incluye desarrollo de habilidades, condici\u00f3n f\u00edsica, charlas educativas (entre otras prevenci\u00f3n de drogas), as\u00ed como de conducta y valores, t\u00e9cnicas y t\u00e1cticas de baloncesto.<\/p>\n\n\n\n<p>\u00abVamos a estar realizando actividades para desarrollar las habilidades tanto de los jugadores como de los entrenadores y tambi\u00e9n queremos proyectar sus calidades t\u00e9cnicas\u00bb, dijo L\u00f3pez.<\/p>\n\n\n\n<p>Antes de la celebraci\u00f3n de los cuartos de final de la Liga, Mercedes y L\u00f3pez, junto al presidente de Fedombal, Rafael Uribe, plantearon la conformaci\u00f3n de una preselecci\u00f3n de esa categor\u00eda, lo cual se espera se haga en el mes de diciembre.<\/p>\n\n\n\n<p>Los Areperos de San Carlos ganaron el primer campeonato al vencer en la final por la disputa del t\u00edtulo a los Constituyentes de San Crist\u00f3bal, el pasado 10 de octubre.<\/p>\n\n\n\n<p>PIE DE FOTO<\/p>\n\n\n\n<p>Acci\u00f3n en el partido final entre los equipos Constituyentes de San Crist\u00f3bal y Areperos de San Carlos.<\/p>\n","protected":false},"excerpt":{"rendered":"<p>Odalis Sanchez i Ser\u00e1 los 1 y 2 de noviembre en la primera semana, y 8 y 9 en el Palacio de los Deportes VTS SANTO DOMINGO, RD, 29 de octubre de 2021.- La Federaci\u00f3n Dominicana de Baloncesto (Fedombal) y la Liga Nacional de Desarrollo U22 realizar\u00e1 un campamento nacional con los jugadores m\u00e1s destacados [&hellip;]<\/p>\n","protected":false},"author":2,"featured_media":0,"comment_status":"closed","ping_status":"","sticky":true,"template":"","format":"standard","meta":{"footnotes":""},"categories":[17,27],"tags":[],"class_list":["post-304585","post","type-post","status-publish","format-standard","hentry","category-deportes","category-portada"],"_links":{"self":[{"href":"https:\/\/diariodominicano.com\/index.php?rest_route=\/wp\/v2\/posts\/304585","targetHints":{"allow":["GET"]}}],"collection":[{"href":"https:\/\/diariodominicano.com\/index.php?rest_route=\/wp\/v2\/posts"}],"about":[{"href":"https:\/\/diariodominicano.com\/index.php?rest_route=\/wp\/v2\/types\/post"}],"author":[{"embeddable":true,"href":"https:\/\/diariodominicano.com\/index.php?rest_route=\/wp\/v2\/users\/2"}],"replies":[{"embeddable":true,"href":"https:\/\/diariodominicano.com\/index.php?rest_route=%2Fwp%2Fv2%2Fcomments&post=304585"}],"version-history":[{"count":1,"href":"https:\/\/diariodominicano.com\/index.php?rest_route=\/wp\/v2\/posts\/304585\/revisions"}],"predecessor-version":[{"id":304589,"href":"https:\/\/diariodominicano.com\/index.php?rest_route=\/wp\/v2\/posts\/304585\/revisions\/304589"}],"wp:attachment":[{"href":"https:\/\/diariodominicano.com\/index.php?rest_route=%2Fwp%2Fv2%2Fmedia&parent=304585"}],"wp:term":[{"taxonomy":"category","embeddable":true,"href":"https:\/\/diariodominicano.com\/index.php?rest_route=%2Fwp%2Fv2%2Fcategories&post=304585"},{"taxonomy":"post_tag","embeddable":true,"href":"https:\/\/diariodominicano.com\/index.php?rest_route=%2Fwp%2Fv2%2Ftags&post=304585"}],"curies":[{"name":"wp","href":"https:\/\/api.w.org\/{rel}","templated":true}]}}