{"id":304458,"date":"2021-10-28T21:37:51","date_gmt":"2021-10-29T01:37:51","guid":{"rendered":"http:\/\/diariodominicano.com\/?p=304458"},"modified":"2021-10-28T21:37:51","modified_gmt":"2021-10-29T01:37:51","slug":"juzgado-de-instruccion-de-dajabon-conocera-de-manera-virtual-la-coercion-contra-privado-de-libertad-que-secuestro-a-una-medica","status":"publish","type":"post","link":"https:\/\/diariodominicano.com\/?p=304458","title":{"rendered":"Juzgado de Instrucci\u00f3n de Dajab\u00f3n conocer\u00e1 de manera virtual la coerci\u00f3n contra privado de libertad que secuestr\u00f3 a una m\u00e9dica"},"content":{"rendered":"\n<p>diariodominicano.com<\/p>\n\n\n\n<p><em><u>Con diez a\u00f1os de reclusi\u00f3n cumplidos de una pena de 20, Jefferson Cabral Guzm\u00e1n exhibe un mal comportamiento que lo ha llevado a pasar por 9 de los 41 recintos del sistema penitenciario<\/u><\/em><\/p>\n\n\n\n<p>Dajab\u00f3n, R. D., 28 de octubre, 2021.- El juzgado de la atenci\u00f3n permanente esta jurisdicci\u00f3n conocer\u00e1 este viernes, de manera virtual, los nuevos cargos que deber\u00e1 enfrentar el privado de libertad Jefferson Cabral Guzm\u00e1n por el secuestro de una m\u00e9dica a la que retuvo bajo amenaza durante varias horas.<\/p>\n\n\n\n<p>El tribunal aplaz\u00f3 la audiencia el pasado mi\u00e9rcoles hasta que el privado de libertad apoderara de su caso a un abogado o a un defensor p\u00fablico.<\/p>\n\n\n\n<p>Cabral Guzm\u00e1n retuvo durante m\u00e1s de 4 horas a la doctora Nancy Brito, amenazada con unas tijeras y con la exigencia de ser trasladado a la Penitenciar\u00eda Nacional de La Victoria, en Santo Domingo Norte.<\/p>\n\n\n\n<p>El privado de libertad fue trasladado al \u00e1rea de m\u00e1xima seguridad del CCR de Mao, Valverde, luego que el 23 de octubre se autoagrediera con una navaja y aprovech\u00f3 que le llevaron al dispensario m\u00e9dico para secuestrar a la m\u00e9dica.<\/p>\n\n\n\n<p>Cabral Guzm\u00e1n fue ingresado a los recintos de privaci\u00f3n de libertad por robo agravado, en junio de 2011, cuando contaba con 17 a\u00f1os de edad, remitido por el Tribunal de Primera Instancia de Ni\u00f1os, Ni\u00f1as y Adolescentes.<\/p>\n\n\n\n<p>Un informe de la Direcci\u00f3n General de Prisiones recoge 15 incidencias y 15 traslados entre distintos centros penitenciarios por causas diversas, entre las que destacan solicitudes de familiares, mal comportamiento y por la propia seguridad del privado de libertad.<\/p>\n\n\n\n<p>El interno ha estado en 9 de los 41 recintos del sistema penitenciario, incluyendo dos veces en La Victoria.<\/p>\n\n\n\n<p>Tambi\u00e9n estuvo alojado en San Juan, en donde, en septiembre de 2019, el privado de libertad Wander De \u00d3leo le afect\u00f3 el rostro al echarle aceite caliente en la cara mientras dorm\u00eda.<\/p>\n\n\n\n<p>Fuente:  <strong>Direcci\u00f3n de Comunicaci\u00f3n y Prensa<\/strong><\/p>\n\n\n\n<p><strong>Procuradur\u00eda General-Ministerio P\u00fablico RD<\/strong><\/p>\n\n\n\n<p><strong>Jueves, 28 de octubre de 2021<\/strong><\/p>\n\n\n\n<p><strong>Direcci\u00f3n General de Comunicaciones, Prensa y Relaciones P\u00fablicas<\/strong><\/p>\n\n\n\n<p>Procuradur\u00eda General de la Rep\u00fablica Dominicana<\/p>\n","protected":false},"excerpt":{"rendered":"<p>diariodominicano.com Con diez a\u00f1os de reclusi\u00f3n cumplidos de una pena de 20, Jefferson Cabral Guzm\u00e1n exhibe un mal comportamiento que lo ha llevado a pasar por 9 de los 41 recintos del sistema penitenciario Dajab\u00f3n, R. D., 28 de octubre, 2021.- El juzgado de la atenci\u00f3n permanente esta jurisdicci\u00f3n conocer\u00e1 este viernes, de manera virtual, [&hellip;]<\/p>\n","protected":false},"author":5,"featured_media":304459,"comment_status":"closed","ping_status":"","sticky":true,"template":"","format":"standard","meta":{"footnotes":""},"categories":[24,27],"tags":[],"class_list":["post-304458","post","type-post","status-publish","format-standard","has-post-thumbnail","hentry","category-justicia-y-derecho","category-portada"],"_links":{"self":[{"href":"https:\/\/diariodominicano.com\/index.php?rest_route=\/wp\/v2\/posts\/304458","targetHints":{"allow":["GET"]}}],"collection":[{"href":"https:\/\/diariodominicano.com\/index.php?rest_route=\/wp\/v2\/posts"}],"about":[{"href":"https:\/\/diariodominicano.com\/index.php?rest_route=\/wp\/v2\/types\/post"}],"author":[{"embeddable":true,"href":"https:\/\/diariodominicano.com\/index.php?rest_route=\/wp\/v2\/users\/5"}],"replies":[{"embeddable":true,"href":"https:\/\/diariodominicano.com\/index.php?rest_route=%2Fwp%2Fv2%2Fcomments&post=304458"}],"version-history":[{"count":1,"href":"https:\/\/diariodominicano.com\/index.php?rest_route=\/wp\/v2\/posts\/304458\/revisions"}],"predecessor-version":[{"id":304460,"href":"https:\/\/diariodominicano.com\/index.php?rest_route=\/wp\/v2\/posts\/304458\/revisions\/304460"}],"wp:featuredmedia":[{"embeddable":true,"href":"https:\/\/diariodominicano.com\/index.php?rest_route=\/wp\/v2\/media\/304459"}],"wp:attachment":[{"href":"https:\/\/diariodominicano.com\/index.php?rest_route=%2Fwp%2Fv2%2Fmedia&parent=304458"}],"wp:term":[{"taxonomy":"category","embeddable":true,"href":"https:\/\/diariodominicano.com\/index.php?rest_route=%2Fwp%2Fv2%2Fcategories&post=304458"},{"taxonomy":"post_tag","embeddable":true,"href":"https:\/\/diariodominicano.com\/index.php?rest_route=%2Fwp%2Fv2%2Ftags&post=304458"}],"curies":[{"name":"wp","href":"https:\/\/api.w.org\/{rel}","templated":true}]}}