{"id":304297,"date":"2021-10-27T22:20:40","date_gmt":"2021-10-28T02:20:40","guid":{"rendered":"http:\/\/diariodominicano.com\/?p=304297"},"modified":"2021-10-27T22:20:40","modified_gmt":"2021-10-28T02:20:40","slug":"rd-celebrara-este-jueves-la-xvi-conferencia-de-ministras-y-ministros-de-salud-de-iberoamerica","status":"publish","type":"post","link":"https:\/\/diariodominicano.com\/?p=304297","title":{"rendered":"RD celebrar\u00e1 este jueves la XVI Conferencia de Ministras y Ministros de Salud de Iberoam\u00e9rica"},"content":{"rendered":"\n<p>diariodominicano.com<\/p>\n\n\n\n<p>Santo Domingo, R. D.,  27 de octubre, 2021.- Rep\u00fablica Dominicana ser\u00e1 la sede de la XVI Conferencia Iberoamericana de Ministras y Ministros de Salud que se celebrar\u00e1 de manera virtual este 28 de octubre, donde se compartir\u00e1n acciones para continuar enfrentando la crisis mundial generada por la COVID-19 y los retos que representa para los sistemas sanitarios en la regi\u00f3n.<\/p>\n\n\n\n<p>El encuentro se desarrollar\u00e1 tomando en cuenta cuatro ejes principales: Respuesta y Recuperaci\u00f3n de Iberoam\u00e9rica ante la pandemia; Acci\u00f3n Iberoamericana en el \u00e1mbito de la Cooperaci\u00f3n y Acci\u00f3n Colectiva; Ciencia, Innovaci\u00f3n y Emprendimiento para la Recuperaci\u00f3n y Mejora de los Sistemas de Salud.&nbsp;<\/p>\n\n\n\n<p>La reuni\u00f3n que iniciar\u00e1 a las 9:30 de la ma\u00f1ana en el Centro de Convenciones del MIREX, estar\u00e1 encabezada por la vicepresidenta de la Rep\u00fablica y Coordinadora del Gabinete de Salud, Raquel Pe\u00f1a; el ministro de Salud, doctor Daniel Rivera; el viceministro de Pol\u00edtica Exterior Multilateral, Rub\u00e9n Sili\u00e9, y el Secretario General Iberoamericana Ad Interim, Marcos Pinta Gama.<\/p>\n\n\n\n<p>La reuni\u00f3n de ministras y ministros de salud se realiza en el marco de la Secretar\u00eda Pro Tempore de la Conferencia Iberoamericana que ostenta Rep\u00fablica Dominicana desde el pasado mes de abril.<\/p>\n\n\n\n<p>Las conclusiones de este c\u00f3nclave constituir\u00e1n aspectos puntuales con miras a la XXVIII Cumbre Iberoamericana de Jefes de Estado y de Gobierno que se celebrar\u00e1 en el pa\u00eds en noviembre de 2022 con el lema \u201cJuntos por una Iberoam\u00e9rica justa y sostenible\u201d, a fin de lograr compromisos concretos que se traduzcan en un sistema de salud integral y de acceso universal.<\/p>\n\n\n\n<p>Fuente: Direcci\u00f3n de Estrategia y Comunicaci\u00f3n Gubernamental<\/p>\n\n\n\n<p>Ministerio Administrativo de la Presidencia de la Rep\u00fablica Dominicana<\/p>\n","protected":false},"excerpt":{"rendered":"<p>diariodominicano.com Santo Domingo, R. D., 27 de octubre, 2021.- Rep\u00fablica Dominicana ser\u00e1 la sede de la XVI Conferencia Iberoamericana de Ministras y Ministros de Salud que se celebrar\u00e1 de manera virtual este 28 de octubre, donde se compartir\u00e1n acciones para continuar enfrentando la crisis mundial generada por la COVID-19 y los retos que representa para [&hellip;]<\/p>\n","protected":false},"author":5,"featured_media":304298,"comment_status":"closed","ping_status":"","sticky":true,"template":"","format":"standard","meta":{"footnotes":""},"categories":[20,27],"tags":[],"class_list":["post-304297","post","type-post","status-publish","format-standard","has-post-thumbnail","hentry","category-dominicana-hoy","category-portada"],"_links":{"self":[{"href":"https:\/\/diariodominicano.com\/index.php?rest_route=\/wp\/v2\/posts\/304297","targetHints":{"allow":["GET"]}}],"collection":[{"href":"https:\/\/diariodominicano.com\/index.php?rest_route=\/wp\/v2\/posts"}],"about":[{"href":"https:\/\/diariodominicano.com\/index.php?rest_route=\/wp\/v2\/types\/post"}],"author":[{"embeddable":true,"href":"https:\/\/diariodominicano.com\/index.php?rest_route=\/wp\/v2\/users\/5"}],"replies":[{"embeddable":true,"href":"https:\/\/diariodominicano.com\/index.php?rest_route=%2Fwp%2Fv2%2Fcomments&post=304297"}],"version-history":[{"count":1,"href":"https:\/\/diariodominicano.com\/index.php?rest_route=\/wp\/v2\/posts\/304297\/revisions"}],"predecessor-version":[{"id":304299,"href":"https:\/\/diariodominicano.com\/index.php?rest_route=\/wp\/v2\/posts\/304297\/revisions\/304299"}],"wp:featuredmedia":[{"embeddable":true,"href":"https:\/\/diariodominicano.com\/index.php?rest_route=\/wp\/v2\/media\/304298"}],"wp:attachment":[{"href":"https:\/\/diariodominicano.com\/index.php?rest_route=%2Fwp%2Fv2%2Fmedia&parent=304297"}],"wp:term":[{"taxonomy":"category","embeddable":true,"href":"https:\/\/diariodominicano.com\/index.php?rest_route=%2Fwp%2Fv2%2Fcategories&post=304297"},{"taxonomy":"post_tag","embeddable":true,"href":"https:\/\/diariodominicano.com\/index.php?rest_route=%2Fwp%2Fv2%2Ftags&post=304297"}],"curies":[{"name":"wp","href":"https:\/\/api.w.org\/{rel}","templated":true}]}}