{"id":303007,"date":"2021-10-21T01:20:08","date_gmt":"2021-10-21T05:20:08","guid":{"rendered":"http:\/\/diariodominicano.com\/?p=303007"},"modified":"2021-10-21T01:20:08","modified_gmt":"2021-10-21T05:20:08","slug":"walter-benitez-dt-seleccion-sub-20-fue-una-semana-productiva","status":"publish","type":"post","link":"https:\/\/diariodominicano.com\/?p=303007","title":{"rendered":"Walter Ben\u00edtez, DT selecci\u00f3n sub-20: \u201cFue una semana productiva\u201d"},"content":{"rendered":"\n<p>SANTO DOMINGO.- La selecci\u00f3n de f\u00fatbol sub-20 masculina cerr\u00f3 el pasado domingo un m\u00f3dulo de preparaci\u00f3n de cara al Clasificatorio de Concacaf que se desarrollar\u00e1 del 5 al 14 de noviembre en Rep\u00fablica Dominicana y en el cual buscar\u00e1 avanzar a los octavos de final del Campeonato Premundial que otorga cupos a la cita ecum\u00e9nica de la categor\u00eda, Indonesia 2023.<\/p>\n\n\n\n<p>El combinado patrio estuvo trabajando desde el 11 hasta el 18 de octubre y durante ese lapso realiz\u00f3 tres partidos ante el club profesional haitiano, Violette Athletic.<\/p>\n\n\n\n<p>El seleccionador nacional sub-20, Walter Ben\u00edtez, valor\u00f3 la agenda desarrollada.<\/p>\n\n\n\n<p>\u201cFue una semana muy productiva, lo que ten\u00edamos planificado se cumpli\u00f3 a m\u00e1s del 90 %, ya que el clima nos hizo ajustar los tipos de trabajos para no cargar tanto a los jugadores y que estuviesen listos para los partidos. Nos concentramos en ir armando el equipo defensivamente, aplicando variantes que podamos utilizar en la competici\u00f3n que ya se acerca, creo que en los partidos vs Violette Athletic, los jugadores mostraron un buen desempe\u00f1o basado en lo que entrenamos\u201d.<\/p>\n\n\n\n<figure class=\"wp-block-image size-large\"><img loading=\"lazy\" decoding=\"async\" width=\"1024\" height=\"526\" src=\"https:\/\/diariodominicano.com\/wp-content\/uploads\/2021\/10\/Fue-una-semana-productiva-1024x526.jpg\" alt=\"\" class=\"wp-image-303158\" srcset=\"https:\/\/diariodominicano.com\/wp-content\/uploads\/2021\/10\/Fue-una-semana-productiva-1024x526.jpg 1024w, https:\/\/diariodominicano.com\/wp-content\/uploads\/2021\/10\/Fue-una-semana-productiva-300x154.jpg 300w, https:\/\/diariodominicano.com\/wp-content\/uploads\/2021\/10\/Fue-una-semana-productiva-768x395.jpg 768w, https:\/\/diariodominicano.com\/wp-content\/uploads\/2021\/10\/Fue-una-semana-productiva-1536x789.jpg 1536w, https:\/\/diariodominicano.com\/wp-content\/uploads\/2021\/10\/Fue-una-semana-productiva-2048x1052.jpg 2048w, https:\/\/diariodominicano.com\/wp-content\/uploads\/2021\/10\/Fue-una-semana-productiva-816x419.jpg 816w\" sizes=\"auto, (max-width: 1024px) 100vw, 1024px\" \/><\/figure>\n\n\n\n<p>\u201cEn fase ofensiva el rival nos limit\u00f3 mucho por su gran nivel y experiencia, condiciones que mencion\u00e9 anteriormente, pero el equipo tuvo una idea y tratamos de ser fiel a ella porque s\u00e9 que tenemos buenos jugadores y que ante rivales de su edad podr\u00e1n tener un mejor rendimiento. No creo que estemos tan lejos de lo que queremos para esta primera fase eliminatoria. Los jugadores muestran buen ritmo de juego porque han estado compitiendo durante estos \u00faltimos meses, pero con la inserci\u00f3n de los que convocaremos que est\u00e1n en clubes extranjeros podemos conformar un equipo m\u00e1s s\u00f3lido\u201d, argument\u00f3 el entrenador.<\/p>\n\n\n\n<p>\u201cEn este microciclo no solo hicimos trabajos en cancha, sino tambi\u00e9n actividades para mejorar las relaciones interpersonales y lograr m\u00e1s r\u00e1pido la integraci\u00f3n grupal. Todos los jugadores se comportaron con alta disposici\u00f3n y disciplina, estoy muy contento con todos y tambi\u00e9n con el cuerpo t\u00e9cnico. Seguiremos trabajando para mejorar en todos los aspectos\u201d, detall\u00f3 el director t\u00e9cnico, sobre lo ejecutado durante la semana de concentraci\u00f3n.<\/p>\n\n\n\n<figure class=\"wp-block-image size-large\"><img loading=\"lazy\" decoding=\"async\" width=\"1024\" height=\"526\" src=\"https:\/\/diariodominicano.com\/wp-content\/uploads\/2021\/10\/Fue-una-semana-productiva-1-1024x526.jpg\" alt=\"\" class=\"wp-image-303157\" srcset=\"https:\/\/diariodominicano.com\/wp-content\/uploads\/2021\/10\/Fue-una-semana-productiva-1-1024x526.jpg 1024w, https:\/\/diariodominicano.com\/wp-content\/uploads\/2021\/10\/Fue-una-semana-productiva-1-300x154.jpg 300w, https:\/\/diariodominicano.com\/wp-content\/uploads\/2021\/10\/Fue-una-semana-productiva-1-768x395.jpg 768w, https:\/\/diariodominicano.com\/wp-content\/uploads\/2021\/10\/Fue-una-semana-productiva-1-1536x789.jpg 1536w, https:\/\/diariodominicano.com\/wp-content\/uploads\/2021\/10\/Fue-una-semana-productiva-1-2048x1052.jpg 2048w, https:\/\/diariodominicano.com\/wp-content\/uploads\/2021\/10\/Fue-una-semana-productiva-1-816x419.jpg 816w\" sizes=\"auto, (max-width: 1024px) 100vw, 1024px\" \/><\/figure>\n\n\n\n<p>Finalmente, el estratega fij\u00f3 su atenci\u00f3n en lo que viene, que ya ser\u00eda la reuni\u00f3n definitiva para afrontar la competici\u00f3n.<\/p>\n\n\n\n<p>\u201cEl pr\u00f3ximo m\u00f3dulo ser\u00e1 entre 4 a 6 d\u00edas antes de la competici\u00f3n, quisi\u00e9ramos tener al grupo completo aproximadamente el 29 de octubre, y si fuese posible, jugar un partido el 1 o el 2 de noviembre, siempre tomando las precauciones para evitar cualquier lesi\u00f3n\u201d <\/p>\n\n\n\n<p><strong>Fedofutbol Prensa<\/strong><\/p>\n","protected":false},"excerpt":{"rendered":"<p>SANTO DOMINGO.- La selecci\u00f3n de f\u00fatbol sub-20 masculina cerr\u00f3 el pasado domingo un m\u00f3dulo de preparaci\u00f3n de cara al Clasificatorio de Concacaf que se desarrollar\u00e1 del 5 al 14 de noviembre en Rep\u00fablica Dominicana y en el cual buscar\u00e1 avanzar a los octavos de final del Campeonato Premundial que otorga cupos a la cita ecum\u00e9nica [&hellip;]<\/p>\n","protected":false},"author":7,"featured_media":303159,"comment_status":"closed","ping_status":"","sticky":true,"template":"","format":"standard","meta":{"footnotes":""},"categories":[17,27],"tags":[],"class_list":["post-303007","post","type-post","status-publish","format-standard","has-post-thumbnail","hentry","category-deportes","category-portada"],"_links":{"self":[{"href":"https:\/\/diariodominicano.com\/index.php?rest_route=\/wp\/v2\/posts\/303007","targetHints":{"allow":["GET"]}}],"collection":[{"href":"https:\/\/diariodominicano.com\/index.php?rest_route=\/wp\/v2\/posts"}],"about":[{"href":"https:\/\/diariodominicano.com\/index.php?rest_route=\/wp\/v2\/types\/post"}],"author":[{"embeddable":true,"href":"https:\/\/diariodominicano.com\/index.php?rest_route=\/wp\/v2\/users\/7"}],"replies":[{"embeddable":true,"href":"https:\/\/diariodominicano.com\/index.php?rest_route=%2Fwp%2Fv2%2Fcomments&post=303007"}],"version-history":[{"count":1,"href":"https:\/\/diariodominicano.com\/index.php?rest_route=\/wp\/v2\/posts\/303007\/revisions"}],"predecessor-version":[{"id":303160,"href":"https:\/\/diariodominicano.com\/index.php?rest_route=\/wp\/v2\/posts\/303007\/revisions\/303160"}],"wp:featuredmedia":[{"embeddable":true,"href":"https:\/\/diariodominicano.com\/index.php?rest_route=\/wp\/v2\/media\/303159"}],"wp:attachment":[{"href":"https:\/\/diariodominicano.com\/index.php?rest_route=%2Fwp%2Fv2%2Fmedia&parent=303007"}],"wp:term":[{"taxonomy":"category","embeddable":true,"href":"https:\/\/diariodominicano.com\/index.php?rest_route=%2Fwp%2Fv2%2Fcategories&post=303007"},{"taxonomy":"post_tag","embeddable":true,"href":"https:\/\/diariodominicano.com\/index.php?rest_route=%2Fwp%2Fv2%2Ftags&post=303007"}],"curies":[{"name":"wp","href":"https:\/\/api.w.org\/{rel}","templated":true}]}}