{"id":292169,"date":"2021-08-13T19:09:53","date_gmt":"2021-08-13T23:09:53","guid":{"rendered":"http:\/\/diariodominicano.com\/?p=292169"},"modified":"2021-08-13T19:09:53","modified_gmt":"2021-08-13T23:09:53","slug":"armada-libia-rescata-a-113-migrantes-indocumentados-cerca-de-costa-occidental","status":"publish","type":"post","link":"https:\/\/diariodominicano.com\/?p=292169","title":{"rendered":"Armada libia rescata a 113 migrantes indocumentados cerca de costa occidental"},"content":{"rendered":"\n<p>diariodominicano.com<a rel=\"noreferrer noopener\" href=\"https:\/\/www.xinhua-news.com\/gdsdetailxhs\/share\/10224417-?pageflag=iframe\" target=\"_blank\"><\/a><\/p>\n\n\n\n<pre id=\"text-news-description\" class=\"wp-block-preformatted\">   TR\u00cdPOLI, 13 ago (Xinhua) -- La Armada libia indic\u00f3 hoy que su guardia costera rescat\u00f3 a 113 migrantes indocumentados cerca de la costa occidental del pa\u00eds.\n   Los migrantes, rescatados en dos operaciones diferentes, proceden de varios pa\u00edses africanos, indic\u00f3 la Armada.\n   Los migrantes fueron trasladados a la base naval de Tr\u00edpoli, capital de Libia, y fueron entregados al departamento de migraci\u00f3n indocumentada.\n   El departamento cuidar\u00e1 de los migrantes y completar\u00e1 los procedimientos para su deportaci\u00f3n segura a sus pa\u00edses de origen, a\u00f1adi\u00f3 la Armada.\n   Libia ha estado sufriendo inseguridad y caos desde la ca\u00edda del fallecido l\u00edder Muammar Gaddafi en 2011, lo que ha convertido a este pa\u00eds del norte de \u00c1frica en el punto de partida preferido de los migrantes indocumentados que quieren cruzar el mar Mediterr\u00e1neo hacia las costas europeas.\n   Los migrantes rescatados acaban en centros de recepci\u00f3n sobrepoblados en toda Libia, a pesar de los reiterados llamados internacionales para su cierre.\n   Desde 2021, m\u00e1s de 20.000 migrantes indocumentados, incluyendo a mujeres y ni\u00f1os, han sido rescatados y cientos m\u00e1s han muerto o han desaparecido cerca de la costa libia en la ruta del Mediterr\u00e1neo central, de acuerdo con la Organizaci\u00f3n Internacional para las Migraciones (OIM). <\/pre>\n","protected":false},"excerpt":{"rendered":"<p>diariodominicano.com TR\u00cdPOLI, 13 ago (Xinhua) &#8212; La Armada libia indic\u00f3 hoy que su guardia costera rescat\u00f3 a 113 migrantes indocumentados cerca de la costa occidental del pa\u00eds. Los migrantes, rescatados en dos operaciones diferentes, proceden de varios pa\u00edses africanos, indic\u00f3 la Armada. Los migrantes fueron trasladados a la base naval de Tr\u00edpoli, capital de Libia, [&hellip;]<\/p>\n","protected":false},"author":5,"featured_media":292170,"comment_status":"closed","ping_status":"","sticky":true,"template":"","format":"standard","meta":{"footnotes":""},"categories":[23,27],"tags":[],"class_list":["post-292169","post","type-post","status-publish","format-standard","has-post-thumbnail","hentry","category-internacional","category-portada"],"_links":{"self":[{"href":"https:\/\/diariodominicano.com\/index.php?rest_route=\/wp\/v2\/posts\/292169","targetHints":{"allow":["GET"]}}],"collection":[{"href":"https:\/\/diariodominicano.com\/index.php?rest_route=\/wp\/v2\/posts"}],"about":[{"href":"https:\/\/diariodominicano.com\/index.php?rest_route=\/wp\/v2\/types\/post"}],"author":[{"embeddable":true,"href":"https:\/\/diariodominicano.com\/index.php?rest_route=\/wp\/v2\/users\/5"}],"replies":[{"embeddable":true,"href":"https:\/\/diariodominicano.com\/index.php?rest_route=%2Fwp%2Fv2%2Fcomments&post=292169"}],"version-history":[{"count":1,"href":"https:\/\/diariodominicano.com\/index.php?rest_route=\/wp\/v2\/posts\/292169\/revisions"}],"predecessor-version":[{"id":292171,"href":"https:\/\/diariodominicano.com\/index.php?rest_route=\/wp\/v2\/posts\/292169\/revisions\/292171"}],"wp:featuredmedia":[{"embeddable":true,"href":"https:\/\/diariodominicano.com\/index.php?rest_route=\/wp\/v2\/media\/292170"}],"wp:attachment":[{"href":"https:\/\/diariodominicano.com\/index.php?rest_route=%2Fwp%2Fv2%2Fmedia&parent=292169"}],"wp:term":[{"taxonomy":"category","embeddable":true,"href":"https:\/\/diariodominicano.com\/index.php?rest_route=%2Fwp%2Fv2%2Fcategories&post=292169"},{"taxonomy":"post_tag","embeddable":true,"href":"https:\/\/diariodominicano.com\/index.php?rest_route=%2Fwp%2Fv2%2Ftags&post=292169"}],"curies":[{"name":"wp","href":"https:\/\/api.w.org\/{rel}","templated":true}]}}