{"id":292160,"date":"2021-08-13T18:45:01","date_gmt":"2021-08-13T22:45:01","guid":{"rendered":"http:\/\/diariodominicano.com\/?p=292160"},"modified":"2021-08-13T18:45:01","modified_gmt":"2021-08-13T22:45:01","slug":"anje-establece-alianza-estrategica-con-la-uaf","status":"publish","type":"post","link":"https:\/\/diariodominicano.com\/?p=292160","title":{"rendered":"ANJE establece alianza estrat\u00e9gica con la UAF"},"content":{"rendered":"\n<p>diariodominicano.com<\/p>\n\n\n\n<p>Ambas instituciones buscan contribuir a la difusi\u00f3n de informaci\u00f3n y capacitaci\u00f3n en cuanto a la prevenci\u00f3n del lavado de activos, sus delitos precedentes, el financiamiento del terrorismo y de la proliferaci\u00f3n de armas de destrucci\u00f3n masiva, en favor del fortalecimiento institucional del pa\u00eds<\/p>\n\n\n\n<p><strong>Santo Domingo,  R. D.,  13 de agosto, 2021.-<\/strong>\u00a0Con la finalidad de fomentar un clima de negocios transparente y seguro, as\u00ed como fortalecer la institucionalidad, la Asociaci\u00f3n Nacional de J\u00f3venes Empresarios (ANJE) y la Unidad de An\u00e1lisis Financiero (UAF) de la Rep\u00fablica Dominicana firmaron un acuerdo de cooperaci\u00f3n interinstitucional, en un acto encabezado por Susana Mart\u00ednez Nadal y Mar\u00eda Elisa Holgu\u00edn L\u00f3pez, presidenta de ANJE y directora general de la UAF, respectivamente.<\/p>\n\n\n\n<p>El acuerdo entre ambas entidades establece pol\u00edticas de trabajo coordinado y la realizaci\u00f3n de acciones para desarrollar actividades conjuntas que permitan aumentar la comprensi\u00f3n respecto al lavado de activos, sus delitos precedentes, el financiamiento del terrorismo y de la proliferaci\u00f3n de armas de destrucci\u00f3n masiva para el fortalecimiento del sistema de prevenci\u00f3n.<\/p>\n\n\n\n<p>\u201c<em>Desde su formaci\u00f3n hace m\u00e1s de cuatro d\u00e9cadas, ANJE ha tenido un enfoque en el fortalecimiento institucional de la Rep\u00fablica Dominicana como \u00fanica v\u00eda para garantizar un clima de negocios estable y en constante crecimiento, por lo que para nosotros representa un paso importante renovar y fortalecer los lazos existentes con una instituci\u00f3n como la UAF. Desde nuestra perspectiva, la labor de esta entidad es trascendental para el clima de negocios dominicano, promoviendo confianza en el sistema de prevenci\u00f3n de actividades il\u00edcitas\u201d,&nbsp;<\/em>manifest\u00f3 Mart\u00ednez Nadal, presidenta de ANJE.<\/p>\n\n\n\n<p>\u201c<em>La lucha contra el lavado de activos y el financiamiento del terrorismo es un esfuerzo en conjunto, que debe de hacerse de una manera colaborativa y participativa. UAF y ANJE se unen para dar un paso dentro del marco de la prevenci\u00f3n y cumplimiento de la Ley 155-17, teniendo como lema que la prevenci\u00f3n somos todos<\/em>\u201d, agreg\u00f3 Holgu\u00edn L\u00f3pez, directora general de la UAF.<\/p>\n\n\n\n<p>La firma entre ANJE y la UAF permitir\u00e1 desarrollar, promover, coordinar y auspiciar seminarios, talleres, cursos, conferencias e investigaciones conjuntas, a favor de los miembros de ambas instituciones, lo que se traducir\u00e1 a su vez en avance para el pa\u00eds en la lucha contra el lavado de activos.<\/p>\n\n\n\n<p>Cabe destacar que ANJE, entre sus objetivos, incluye el de contribuir a fortalecer la institucionalidad nacional, fortalecer y aumentar la productividad empresarial y aportar soluciones a problem\u00e1ticas nacionales a trav\u00e9s de sus acuerdos interinstitucionales.<\/p>\n\n\n\n<figure class=\"wp-block-table\"><table><tbody><tr><td>Fuente:  <strong>Muriel Cuesta<\/strong><\/td><\/tr><\/tbody><\/table><\/figure>\n","protected":false},"excerpt":{"rendered":"<p>diariodominicano.com Ambas instituciones buscan contribuir a la difusi\u00f3n de informaci\u00f3n y capacitaci\u00f3n en cuanto a la prevenci\u00f3n del lavado de activos, sus delitos precedentes, el financiamiento del terrorismo y de la proliferaci\u00f3n de armas de destrucci\u00f3n masiva, en favor del fortalecimiento institucional del pa\u00eds Santo Domingo, R. D., 13 de agosto, 2021.-\u00a0Con la finalidad de [&hellip;]<\/p>\n","protected":false},"author":5,"featured_media":292161,"comment_status":"closed","ping_status":"","sticky":true,"template":"","format":"standard","meta":{"footnotes":""},"categories":[27],"tags":[],"class_list":["post-292160","post","type-post","status-publish","format-standard","has-post-thumbnail","hentry","category-portada"],"_links":{"self":[{"href":"https:\/\/diariodominicano.com\/index.php?rest_route=\/wp\/v2\/posts\/292160","targetHints":{"allow":["GET"]}}],"collection":[{"href":"https:\/\/diariodominicano.com\/index.php?rest_route=\/wp\/v2\/posts"}],"about":[{"href":"https:\/\/diariodominicano.com\/index.php?rest_route=\/wp\/v2\/types\/post"}],"author":[{"embeddable":true,"href":"https:\/\/diariodominicano.com\/index.php?rest_route=\/wp\/v2\/users\/5"}],"replies":[{"embeddable":true,"href":"https:\/\/diariodominicano.com\/index.php?rest_route=%2Fwp%2Fv2%2Fcomments&post=292160"}],"version-history":[{"count":1,"href":"https:\/\/diariodominicano.com\/index.php?rest_route=\/wp\/v2\/posts\/292160\/revisions"}],"predecessor-version":[{"id":292162,"href":"https:\/\/diariodominicano.com\/index.php?rest_route=\/wp\/v2\/posts\/292160\/revisions\/292162"}],"wp:featuredmedia":[{"embeddable":true,"href":"https:\/\/diariodominicano.com\/index.php?rest_route=\/wp\/v2\/media\/292161"}],"wp:attachment":[{"href":"https:\/\/diariodominicano.com\/index.php?rest_route=%2Fwp%2Fv2%2Fmedia&parent=292160"}],"wp:term":[{"taxonomy":"category","embeddable":true,"href":"https:\/\/diariodominicano.com\/index.php?rest_route=%2Fwp%2Fv2%2Fcategories&post=292160"},{"taxonomy":"post_tag","embeddable":true,"href":"https:\/\/diariodominicano.com\/index.php?rest_route=%2Fwp%2Fv2%2Ftags&post=292160"}],"curies":[{"name":"wp","href":"https:\/\/api.w.org\/{rel}","templated":true}]}}