{"id":292097,"date":"2021-08-12T21:03:07","date_gmt":"2021-08-13T01:03:07","guid":{"rendered":"http:\/\/diariodominicano.com\/?p=292097"},"modified":"2021-08-12T21:03:07","modified_gmt":"2021-08-13T01:03:07","slug":"presidente-abinader-anuncia-la-recuperacion-del-sector-zonas-francas-y-lanza-el-reto-de-convertir-el-pais-en-lider-logistico","status":"publish","type":"post","link":"https:\/\/diariodominicano.com\/?p=292097","title":{"rendered":"Presidente Abinader anuncia la recuperaci\u00f3n del sector zonas francas y lanza el reto de convertir el pa\u00eds en l\u00edder log\u00edstico"},"content":{"rendered":"\n<p>diariodominicano.com<\/p>\n\n\n\n<p>Santo Domingo, R. D., 12 de agosto, 2021.-  El presidente Luis Abinader celebr\u00f3 este jueves que este\u00a0a\u00f1o se han alcanzado cifras r\u00e9cord en las zonas francas del pa\u00eds en materia de recuperaci\u00f3n del 100% de los empleos y una mayor apertura de nuevas empresas.<\/p>\n\n\n\n<p>Visiblemente emocionado por los logros del sector, el mandatario aprovech\u00f3 para lanzar un reto tanto para el sector zonas francas, como para el propio Gobierno.<\/p>\n\n\n\n<p>\u201cQuiero lanzar p\u00fablicamente un reto, y es el de que la Rep\u00fablica Dominicana sea ejemplo de toda la regi\u00f3n. Trabajemos para convertirla en el aliado log\u00edstico e industrial de mayor importancia del hemisferio occidental\u201d, expres\u00f3 el presidente Abinader.<\/p>\n\n\n\n<p>El mandatario al encabezar los actos por el&nbsp;D\u00eda Nacional de las Zonas Francas, junto al ministro de Industria y Comercio, V\u00edctor -Ito- Bison\u00f3 y&nbsp;el director ejecutivo del Consejo Nacional de Zonas Francas de Exportaci\u00f3n (CNZFE), Daniel Liranzo, as\u00ed&nbsp;como l\u00edderes del sector, dijo que \u201chemos logrado hacer historia\u201d.<\/p>\n\n\n\n<p>Mientras que, el secretario general de la Organizaci\u00f3n de los Estados Americanos (OEA), Luis&nbsp;Almagro, en un mensaje virtual destac\u00f3 que la Rep\u00fablica Dominicana da pasos importantes al convertirse en una atractiva plataforma para el \u201cnearshoring\u201d, al lograr que compa\u00f1\u00edas transfieran sus servicios al pa\u00eds.<\/p>\n\n\n\n<p>\u201cLa Rep\u00fablica Dominicana se ha preparado para este momento, cuenta con inversiones de infraestructura, el marco legal apropiado y con trabajadores preparados para incorporarse al mercado global\u201d, asegur\u00f3 Almagro, quien resalt\u00f3 el clima de favorable que brinda el gobierno dominicano para esos fines.<\/p>\n\n\n\n<p>En el acto, celebrado en el hotel El Embajador, el presidente Abinader valor\u00f3 que, con estos logros, adem\u00e1s de superar todas las adversidades,&nbsp;se ha dado la oportunidad a muchos dominicanos y dominicanas de crecer y reorientar sus proyectos de vida.&nbsp;<\/p>\n\n\n\n<p>Con j\u00fabilo manifest\u00f3 que&nbsp;a pesar de todas las dificultades atravesadas durante la pandemia y la crisis global que esta ha provocado, hoy celebran el buen desempe\u00f1o del sistema productivo y los positivos resultados que trae la tan anhelada recuperaci\u00f3n econ\u00f3mica.&nbsp;<\/p>\n\n\n\n<p>\u201cUna recuperaci\u00f3n econ\u00f3mica con rostro humano, basada desde el primer momento en el compromiso irrenunciable de nuestro Gobierno de no dejar a nadie atr\u00e1s. Y lo estamos cumpliendo\u201d, destac\u00f3 Abinader.&nbsp;<\/p>\n\n\n\n<p>En las zonas francas del pa\u00eds, indic\u00f3, se forjan grandes talentos, mientras se generan productos y servicios de alta calidad e impacto positivo en el mercado internacional.<\/p>\n\n\n\n<p>Todo esto, agreg\u00f3 el presidente Abinader, se debe a los m\u00e1s altos est\u00e1ndares de calidad implementados y a las mejores condiciones de competitividad que brinda el mercado a nivel mundial.&nbsp;<\/p>\n\n\n\n<p>Subray\u00f3 que el&nbsp;mundo entero mira a la Rep\u00fablica Dominicana como un pa\u00eds que avanza con paso firme hacia el desarrollo, favorecido por su posici\u00f3n estrat\u00e9gica, las oportunidades de inversi\u00f3n y el crecimiento que ofrece a las empresas.<\/p>\n\n\n\n<p>\u201cHoy todo el pa\u00eds puede sentirse igualmente orgulloso y emocionado como yo, porque juntos hemos logrado posicionar a las zonas francas en un sitial de preponderancia entre todos los espacios de creaci\u00f3n de empleos y crecimiento econ\u00f3mico\u201d, enfatiz\u00f3.<\/p>\n\n\n\n<p>Lo alcanzado, se\u00f1al\u00f3, traer\u00e1 a la Rep\u00fablica Dominicana el verdadero progreso y desarrollo que merece para su futuro.<\/p>\n\n\n\n<p>El jefe de Estado valor\u00f3 como una oportunidad in\u00e9dita el que se est\u00e9 aprovechando la reconfiguraci\u00f3n de las cadenas de suministros, la b\u00fasqueda de nuevas sedes de producci\u00f3n y el \u201cnearshoring\u201d.&nbsp;<\/p>\n\n\n\n<p>\u201cLas infraestructuras de clase mundial, los ecosistemas industriales desarrollados, la ubicaci\u00f3n geogr\u00e1fica, y la gente, juegan a favor, para consolidar el pa\u00eds como un hub log\u00edstico e industrial confiable y eficiente a la cabeza de toda la regi\u00f3n del Caribe\u201d, puntualiz\u00f3.<\/p>\n\n\n\n<p><strong>Hoja de ruta<\/strong><\/p>\n\n\n\n<p>En el acto, el presidente Abinader anunci\u00f3 haber decretado hoy la creaci\u00f3n de una comisi\u00f3n especial&nbsp;para, en consulta con todos los sectores involucrados, le entreguen un informe detallado en donde se identifiquen sectores estrat\u00e9gicos que marque una hoja de ruta clara y que contenga propuestas de acci\u00f3n espec\u00edfica.<\/p>\n\n\n\n<p>\u201cAsimismo, el dise\u00f1o de alianzas regionales que nos coloquen en la posici\u00f3n de alcanzar los mayores niveles de competitividad posibles, para maximizar el contexto actual de reconfiguraci\u00f3n de las cadenas globales de suministros\u201d, prosigui\u00f3 el mandatario.<\/p>\n\n\n\n<p>El presidente Abinader dijo haber instruido al Ministerio de Industria, Comercio y MIPYMES, al Ministerio de Relaciones Exteriores y al Consejo Nacional de la Competitividad, para que en un plazo no mayor a 90 d\u00edas le sea entregado dicho informe, a los fines de iniciar de inmediato el despliegue de las acciones que se propongan.<\/p>\n\n\n\n<p>De su lado, el ministro de Industria, Comercio y Mipymes, V\u00edctor -Ito- Bison\u00f3, manifest\u00f3 que la Rep\u00fablica Dominicana tiene la oportunidad del siglo para convertirse en el aliado industrial y log\u00edstico m\u00e1s confiable de todo el hemisferio occidental, y a su vez una maquinaria generadora de empleos y oportunidades.<\/p>\n\n\n\n<p>En tanto, el presidente de la Asociaci\u00f3n Dominicana de Zonas Francas (ADOZONA), Jos\u00e9 Luis Bonilla, destac\u00f3 que a partir de julio de este a\u00f1o empezaron a observar indicadores que mostraban una recuperaci\u00f3n progresiva del sector, la cual fue acelerando hasta lograr un fuerte crecimiento de las exportaciones de zonas francas durante cuatro trimestres consecutivos.<\/p>\n\n\n\n<p>El presidente de ADOZONA agradeci\u00f3 al presidente Abinader por el apoyo a ese sector, se\u00f1alando que desde antes de tomar posesi\u00f3n el mandatario se identific\u00f3 con el mismo.<\/p>\n\n\n\n<p>Asimismo, el presidente de Zonas Francas de las Am\u00e9ricas, Gustavo Gonz\u00e1lez, resalt\u00f3 que las claves del \u00e9xito de la Rep\u00fablica Dominicana en el sector zonas francas son la seguridad jur\u00eddica, el apoyo institucional del Gobierno y la colaboraci\u00f3n p\u00fablico-privada.<\/p>\n\n\n\n<p>Refiri\u00f3 que lo hecho por el gobierno del presidente Abinader con el sector zona franca debe ser un modelo a seguir en otras naciones.<\/p>\n\n\n\n<p>Igualmente, el presidente del Banco Interamericano de Desarrollo (BID), Mauricio Claver Carone, dijo ver con mucha esperanza los notables esfuerzos emprendidos por el Gobierno dominicano.<\/p>\n\n\n\n<p>Tambi\u00e9n, el senador por Louisiana, en los Estados Unidos, Bill Cassidy, destac\u00f3 la importancia de las buenas relaciones entre ambos gobiernos y dijo que la ubicaci\u00f3n estrat\u00e9gica de la Rep\u00fablica Dominicana brinda grandes oportunidades para el comercio.<\/p>\n\n\n\n<p>En el acto participaron los presidentes del Senado, Eduardo Estrella y de la C\u00e1mara de Diputados, Alfredo Pacheco; los ministros, de Relaciones Exteriores, Roberto \u00c1lvarez y de Econom\u00eda, Planificaci\u00f3n y Desarrollo, Miguel Ceara Hatton; de Interior y Polic\u00eda, Chu V\u00e1squez y de Educaci\u00f3n Superior, Ciencia y Tecnolog\u00eda, Franklin Garc\u00eda Fermin.<\/p>\n\n\n\n<p>Adem\u00e1s, los senadores Ginette Bournigal, de Puerto Plata; y Alexis Victoria, de Mar\u00eda Trinidad S\u00e1nchez.<\/p>\n\n\n\n<p>Tambi\u00e9n los directores generales de Aduanas, Eduardo Sanz Lovat\u00f3n; de Impuestos Internos, Luis Valdez y el presidente de la Asociaci\u00f3n de Industrias de la Rep\u00fablica Dominicana (AIRD), Celso Juan Marranzini.<\/p>\n\n\n\n<p>Al cierre de la actividad, Fresenius Medical Care, Swisher Dominicana y Eaton Powering Business Worldwide, empresas que se han adaptado su tecnolog\u00eda e innovaci\u00f3n en la \u00faltima d\u00e9cada para crecer y competir en el mercado, realizaron una demostraci\u00f3n de lo que producen y de c\u00f3mo funcionan sus operaciones en territorio dominicano.<\/p>\n\n\n\n<p>Fuente: Direcci\u00f3n de Prensa<\/p>\n\n\n\n<p>Presidencia de la Rep\u00fablica Dominicana<\/p>\n\n\n\n<p><\/p>\n","protected":false},"excerpt":{"rendered":"<p>diariodominicano.com Santo Domingo, R. D., 12 de agosto, 2021.- El presidente Luis Abinader celebr\u00f3 este jueves que este\u00a0a\u00f1o se han alcanzado cifras r\u00e9cord en las zonas francas del pa\u00eds en materia de recuperaci\u00f3n del 100% de los empleos y una mayor apertura de nuevas empresas. Visiblemente emocionado por los logros del sector, el mandatario aprovech\u00f3 [&hellip;]<\/p>\n","protected":false},"author":5,"featured_media":292098,"comment_status":"closed","ping_status":"","sticky":true,"template":"","format":"standard","meta":{"footnotes":""},"categories":[20,27],"tags":[],"class_list":["post-292097","post","type-post","status-publish","format-standard","has-post-thumbnail","hentry","category-dominicana-hoy","category-portada"],"_links":{"self":[{"href":"https:\/\/diariodominicano.com\/index.php?rest_route=\/wp\/v2\/posts\/292097","targetHints":{"allow":["GET"]}}],"collection":[{"href":"https:\/\/diariodominicano.com\/index.php?rest_route=\/wp\/v2\/posts"}],"about":[{"href":"https:\/\/diariodominicano.com\/index.php?rest_route=\/wp\/v2\/types\/post"}],"author":[{"embeddable":true,"href":"https:\/\/diariodominicano.com\/index.php?rest_route=\/wp\/v2\/users\/5"}],"replies":[{"embeddable":true,"href":"https:\/\/diariodominicano.com\/index.php?rest_route=%2Fwp%2Fv2%2Fcomments&post=292097"}],"version-history":[{"count":1,"href":"https:\/\/diariodominicano.com\/index.php?rest_route=\/wp\/v2\/posts\/292097\/revisions"}],"predecessor-version":[{"id":292099,"href":"https:\/\/diariodominicano.com\/index.php?rest_route=\/wp\/v2\/posts\/292097\/revisions\/292099"}],"wp:featuredmedia":[{"embeddable":true,"href":"https:\/\/diariodominicano.com\/index.php?rest_route=\/wp\/v2\/media\/292098"}],"wp:attachment":[{"href":"https:\/\/diariodominicano.com\/index.php?rest_route=%2Fwp%2Fv2%2Fmedia&parent=292097"}],"wp:term":[{"taxonomy":"category","embeddable":true,"href":"https:\/\/diariodominicano.com\/index.php?rest_route=%2Fwp%2Fv2%2Fcategories&post=292097"},{"taxonomy":"post_tag","embeddable":true,"href":"https:\/\/diariodominicano.com\/index.php?rest_route=%2Fwp%2Fv2%2Ftags&post=292097"}],"curies":[{"name":"wp","href":"https:\/\/api.w.org\/{rel}","templated":true}]}}