{"id":292093,"date":"2021-08-12T20:56:23","date_gmt":"2021-08-13T00:56:23","guid":{"rendered":"http:\/\/diariodominicano.com\/?p=292093"},"modified":"2021-08-12T20:56:23","modified_gmt":"2021-08-13T00:56:23","slug":"mexico-registra-24-975-nuevos-contagios-de-covid-19-maximo-aumento-diario-de-toda-pandemia","status":"publish","type":"post","link":"https:\/\/diariodominicano.com\/?p=292093","title":{"rendered":"M\u00e9xico registra 24.975 nuevos contagios de COVID-19, m\u00e1ximo aumento diario de toda pandemia"},"content":{"rendered":"\n<h3 class=\"wp-block-heading\">diariodominicano.com<a rel=\"noreferrer noopener\" href=\"https:\/\/www.xinhua-news.com\/gdsdetailxhs\/share\/10220330-?pageflag=iframe\" target=\"_blank\"><\/a><\/h3>\n\n\n\n<pre id=\"text-news-description\" class=\"wp-block-preformatted\">   M\u00c9XICO, 12 ago (Xinhua) -- M\u00e9xico registr\u00f3 en las \u00faltimas 24 horas un total de 24.975 nuevos contagios de COVID-19, el m\u00e1ximo aumento diario de toda la pandemia, inform\u00f3 hoy jueves la Secretar\u00eda (ministerio) de Salud de ese pa\u00eds.\n   De acuerdo con un reporte del ministerio mexicano, este d\u00eda se alcanz\u00f3 un total de 3.045.571 casos, adem\u00e1s de 608 nuevas muertes para totalizar 246.811.\n   Este es el segundo d\u00eda en que se rebasa el pico de 22.700 casos registrados desde el primer brote de la enfermedad del nuevo coronavirus en febrero pasado en M\u00e9xico.\n   Seg\u00fan las autoridades mexicanas, la tercera ola de contagios afecta principalmente a la poblaci\u00f3n joven y a adultos que no desearon vacunarse.\n   M\u00e9xico se mantiene como el cuarto pa\u00eds del mundo con m\u00e1s muertes por COVID-19, detr\u00e1s de Estados Unidos, Brasil y la India y es el decimoquinto en n\u00famero de contagios confirmados, seg\u00fan datos de la Universidad Johns Hopkins.\n   Adem\u00e1s, en la \u00faltima jornada se reportaron 146.525 casos activos que representan el 4,5 por ciento del total.\n   Desde el inicio de la pandemia se han recuperado 2.390.075 personas.\n   Por su parte, la ocupaci\u00f3n de camas generales en los hospitales mexicanos es del 54 por ciento y del 46 por ciento para camas de terapia intensiva.\n   En lo que respecta a los decesos, la Ciudad de M\u00e9xico acumula el 19 por ciento de todos los fallecimientos a nivel nacional. <\/pre>\n","protected":false},"excerpt":{"rendered":"<p>diariodominicano.com M\u00c9XICO, 12 ago (Xinhua) &#8212; M\u00e9xico registr\u00f3 en las \u00faltimas 24 horas un total de 24.975 nuevos contagios de COVID-19, el m\u00e1ximo aumento diario de toda la pandemia, inform\u00f3 hoy jueves la Secretar\u00eda (ministerio) de Salud de ese pa\u00eds. De acuerdo con un reporte del ministerio mexicano, este d\u00eda se alcanz\u00f3 un total de [&hellip;]<\/p>\n","protected":false},"author":5,"featured_media":292095,"comment_status":"closed","ping_status":"","sticky":true,"template":"","format":"standard","meta":{"footnotes":""},"categories":[23,27],"tags":[],"class_list":["post-292093","post","type-post","status-publish","format-standard","has-post-thumbnail","hentry","category-internacional","category-portada"],"_links":{"self":[{"href":"https:\/\/diariodominicano.com\/index.php?rest_route=\/wp\/v2\/posts\/292093","targetHints":{"allow":["GET"]}}],"collection":[{"href":"https:\/\/diariodominicano.com\/index.php?rest_route=\/wp\/v2\/posts"}],"about":[{"href":"https:\/\/diariodominicano.com\/index.php?rest_route=\/wp\/v2\/types\/post"}],"author":[{"embeddable":true,"href":"https:\/\/diariodominicano.com\/index.php?rest_route=\/wp\/v2\/users\/5"}],"replies":[{"embeddable":true,"href":"https:\/\/diariodominicano.com\/index.php?rest_route=%2Fwp%2Fv2%2Fcomments&post=292093"}],"version-history":[{"count":1,"href":"https:\/\/diariodominicano.com\/index.php?rest_route=\/wp\/v2\/posts\/292093\/revisions"}],"predecessor-version":[{"id":292096,"href":"https:\/\/diariodominicano.com\/index.php?rest_route=\/wp\/v2\/posts\/292093\/revisions\/292096"}],"wp:featuredmedia":[{"embeddable":true,"href":"https:\/\/diariodominicano.com\/index.php?rest_route=\/wp\/v2\/media\/292095"}],"wp:attachment":[{"href":"https:\/\/diariodominicano.com\/index.php?rest_route=%2Fwp%2Fv2%2Fmedia&parent=292093"}],"wp:term":[{"taxonomy":"category","embeddable":true,"href":"https:\/\/diariodominicano.com\/index.php?rest_route=%2Fwp%2Fv2%2Fcategories&post=292093"},{"taxonomy":"post_tag","embeddable":true,"href":"https:\/\/diariodominicano.com\/index.php?rest_route=%2Fwp%2Fv2%2Ftags&post=292093"}],"curies":[{"name":"wp","href":"https:\/\/api.w.org\/{rel}","templated":true}]}}