{"id":292090,"date":"2021-08-12T20:43:20","date_gmt":"2021-08-13T00:43:20","guid":{"rendered":"http:\/\/diariodominicano.com\/?p=292090"},"modified":"2021-08-12T20:43:20","modified_gmt":"2021-08-13T00:43:20","slug":"gobierno-brinda-apoyo-familias-afectadas-por-lluvias-de-la-tormenta-fred-en-varios-sectores-marginales","status":"publish","type":"post","link":"https:\/\/diariodominicano.com\/?p=292090","title":{"rendered":"Gobierno brinda apoyo familias afectadas por lluvias de la tormenta Fred en varios sectores marginales"},"content":{"rendered":"\n<p>diariodominicano.com<\/p>\n\n\n\n<p>Santo Domingo, R. D.,  12 de agosto, 2021.- El gobierno, por instrucciones del presidente Luis\u00a0Abinader,\u00a0dio\u00a0soporte\u00a0este jueves de familias de escasos recursos residentes en barrios marginales, cuyas viviendas y propiedades fueron impactadas por la tormenta Fred a su paso por el territorio\u00a0nacional.<\/p>\n\n\n\n<p>Durante el operativo, el ministro&nbsp;administrativo de la Presidencia,&nbsp;Jos\u00e9 Ignacio Paliza,&nbsp;expres\u00f3 que el gobierno acudi\u00f3 en auxilio de los&nbsp;afectados&nbsp;apenas&nbsp;horas&nbsp;despu\u00e9s del paso del fen\u00f3meno atmosf\u00e9rico, porque es inter\u00e9s del presidente de la Rep\u00fablica que estas&nbsp;personas&nbsp;no sean abandonadas.<\/p>\n\n\n\n<p>Record\u00f3 que desde que se proyect\u00f3 el paso de la tormenta por el territorio nacional, el jefe del Estado convoc\u00f3 a todas las instituciones&nbsp;correspondientes&nbsp;para formular un plan de asistencia y prevenci\u00f3n&nbsp;que ofreciera protecci\u00f3n&nbsp;a&nbsp;los residentes en zonas vulnerables.<\/p>\n\n\n\n<p>En el operativo de este jueves fueron auxiliados cientos de familias de sectores y barrios populares de la parte alta de la capital, entre los que figuran Cristo Rey, Las Ca\u00f1itas,&nbsp;Gualey, Canta la Rana,&nbsp;Guachupita, El Dique, Luper\u00f3n, La Ci\u00e9nega, Mejoramiento Social, Espaillat.<\/p>\n\n\n\n<p>En&nbsp;las operaciones,&nbsp;encabezadas&nbsp;por el ministro Jos\u00e9&nbsp;Ignacio Paliza y Yadira Henr\u00edquez, participaron el senador Antonio Taveras, equipos del Centro de Operaciones de Emergencia (COE), la Defensa Civil, el Plan de Asistencia Social de la Presidencia, Comedores Econ\u00f3micos, la Cruz Roja y otras instituciones.<\/p>\n\n\n\n<p>Adem\u00e1s de alimentos cocidos y fundas con productos alimenticios crudos, a las familias afectadas tambi\u00e9n les fueron&nbsp;distribuidas frazadas, colchonetas, s\u00e1banas y otros art\u00edculosesenciales.<\/p>\n\n\n\n<p>El ministro Paliza garantiz\u00f3 a las familias auxiliadas que el gobierno no las abandonar\u00e1 y que tambi\u00e9n rehabilitara las \u00e1reas p\u00fablicas da\u00f1adas por las torrenciales lluvias provocadas por la tormenta, especialmente\u00a0en\u00a0lo que tiene que ver con el suministro de agua potable y servicio el\u00e9ctrico.<\/p>\n\n\n\n<p>Fuente: Direcci\u00f3n de Prensa<\/p>\n\n\n\n<p>Presidencia de la Rep\u00fablica Dominicana<\/p>\n","protected":false},"excerpt":{"rendered":"<p>diariodominicano.com Santo Domingo, R. D., 12 de agosto, 2021.- El gobierno, por instrucciones del presidente Luis\u00a0Abinader,\u00a0dio\u00a0soporte\u00a0este jueves de familias de escasos recursos residentes en barrios marginales, cuyas viviendas y propiedades fueron impactadas por la tormenta Fred a su paso por el territorio\u00a0nacional. Durante el operativo, el ministro&nbsp;administrativo de la Presidencia,&nbsp;Jos\u00e9 Ignacio Paliza,&nbsp;expres\u00f3 que el gobierno [&hellip;]<\/p>\n","protected":false},"author":5,"featured_media":292091,"comment_status":"closed","ping_status":"","sticky":true,"template":"","format":"standard","meta":{"footnotes":""},"categories":[20,27],"tags":[],"class_list":["post-292090","post","type-post","status-publish","format-standard","has-post-thumbnail","hentry","category-dominicana-hoy","category-portada"],"_links":{"self":[{"href":"https:\/\/diariodominicano.com\/index.php?rest_route=\/wp\/v2\/posts\/292090","targetHints":{"allow":["GET"]}}],"collection":[{"href":"https:\/\/diariodominicano.com\/index.php?rest_route=\/wp\/v2\/posts"}],"about":[{"href":"https:\/\/diariodominicano.com\/index.php?rest_route=\/wp\/v2\/types\/post"}],"author":[{"embeddable":true,"href":"https:\/\/diariodominicano.com\/index.php?rest_route=\/wp\/v2\/users\/5"}],"replies":[{"embeddable":true,"href":"https:\/\/diariodominicano.com\/index.php?rest_route=%2Fwp%2Fv2%2Fcomments&post=292090"}],"version-history":[{"count":1,"href":"https:\/\/diariodominicano.com\/index.php?rest_route=\/wp\/v2\/posts\/292090\/revisions"}],"predecessor-version":[{"id":292092,"href":"https:\/\/diariodominicano.com\/index.php?rest_route=\/wp\/v2\/posts\/292090\/revisions\/292092"}],"wp:featuredmedia":[{"embeddable":true,"href":"https:\/\/diariodominicano.com\/index.php?rest_route=\/wp\/v2\/media\/292091"}],"wp:attachment":[{"href":"https:\/\/diariodominicano.com\/index.php?rest_route=%2Fwp%2Fv2%2Fmedia&parent=292090"}],"wp:term":[{"taxonomy":"category","embeddable":true,"href":"https:\/\/diariodominicano.com\/index.php?rest_route=%2Fwp%2Fv2%2Fcategories&post=292090"},{"taxonomy":"post_tag","embeddable":true,"href":"https:\/\/diariodominicano.com\/index.php?rest_route=%2Fwp%2Fv2%2Ftags&post=292090"}],"curies":[{"name":"wp","href":"https:\/\/api.w.org\/{rel}","templated":true}]}}