{"id":292063,"date":"2021-08-12T19:43:14","date_gmt":"2021-08-12T23:43:14","guid":{"rendered":"http:\/\/diariodominicano.com\/?p=292063"},"modified":"2021-08-12T19:43:14","modified_gmt":"2021-08-12T23:43:14","slug":"san-francisco-pedira-vacunacion-para-ingreso-a-negocios-y-eventos-en-interiores","status":"publish","type":"post","link":"https:\/\/diariodominicano.com\/?p=292063","title":{"rendered":"San Francisco pedir\u00e1 vacunaci\u00f3n para ingreso a negocios y eventos en interiores"},"content":{"rendered":"\n<p>diariodominicano.com<a rel=\"noreferrer noopener\" href=\"https:\/\/www.xinhua-news.com\/gdsdetailxhs\/share\/10220281-?pageflag=iframe\" target=\"_blank\"><\/a><\/p>\n\n\n\n<pre id=\"text-news-description\" class=\"wp-block-preformatted\">   SAN FRANCISCO, 12 ago (Xinhua) -- La alcaldesa de San Francisco, London Breed, anunci\u00f3 hoy que la ciudad solicitar\u00e1 a negocios de ciertos sectores de alto contacto en interiores que pidan una prueba de vacunaci\u00f3n a sus clientes y empleados al entrar a esas instalaciones.\n   La orden sanitaria fue emitida para protegerse de la constante propagaci\u00f3n de la COVID-19, sobre todo entre los no vacunados, y para mantener abiertos los negocios y ayudar a garantizar que las escuelas permanezcan abiertas, indic\u00f3 el anuncio.\n   Asimismo, la orden establece un nuevo requisito de prueba de vacunaci\u00f3n para grandes eventos en interiores y ordena a los asistentes de 12 a\u00f1os o m\u00e1s en eventos con 1.000 o m\u00e1s personas proporcionar una prueba de vacunaci\u00f3n.\n   Antes, las reglas estatales y locales solicitaban prueba de vacunaci\u00f3n o realizaci\u00f3n de pruebas diagn\u00f3sticas para asistir a megaeventos de 5.000 personas o m\u00e1s.\n   \"Sabemos que para que nuestra ciudad se recupere de la pandemia y prospere, tenemos que utilizar el mejor m\u00e9todo que tenemos para combatir la COVID-19 y ese m\u00e9todo es el de las vacunas\", dijo Breed.\n   El requisito de solicitar prueba de vacunaci\u00f3n completa a clientes de sitios p\u00fablicos en interiores, incluyendo bares, restaurantes, clubes y gimnasios, entrar\u00e1 en vigor el 20 de agosto.\n   Para conservar empleos y dar tiempo para el cumplimiento, el requisito de la prueba de vacunaci\u00f3n para el personal entrar\u00e1 en vigor el 13 de octubre, de acuerdo con el anuncio.\n   Los requisitos de vacunaci\u00f3n para eventos en interiores, tanto privados como p\u00fablicos, en los que asistan 1.000 o m\u00e1s personas entrar\u00e1n en vigor el 20 de agosto. <\/pre>\n","protected":false},"excerpt":{"rendered":"<p>diariodominicano.com SAN FRANCISCO, 12 ago (Xinhua) &#8212; La alcaldesa de San Francisco, London Breed, anunci\u00f3 hoy que la ciudad solicitar\u00e1 a negocios de ciertos sectores de alto contacto en interiores que pidan una prueba de vacunaci\u00f3n a sus clientes y empleados al entrar a esas instalaciones. La orden sanitaria fue emitida para protegerse de la [&hellip;]<\/p>\n","protected":false},"author":5,"featured_media":292064,"comment_status":"closed","ping_status":"","sticky":true,"template":"","format":"standard","meta":{"footnotes":""},"categories":[23,27],"tags":[],"class_list":["post-292063","post","type-post","status-publish","format-standard","has-post-thumbnail","hentry","category-internacional","category-portada"],"_links":{"self":[{"href":"https:\/\/diariodominicano.com\/index.php?rest_route=\/wp\/v2\/posts\/292063","targetHints":{"allow":["GET"]}}],"collection":[{"href":"https:\/\/diariodominicano.com\/index.php?rest_route=\/wp\/v2\/posts"}],"about":[{"href":"https:\/\/diariodominicano.com\/index.php?rest_route=\/wp\/v2\/types\/post"}],"author":[{"embeddable":true,"href":"https:\/\/diariodominicano.com\/index.php?rest_route=\/wp\/v2\/users\/5"}],"replies":[{"embeddable":true,"href":"https:\/\/diariodominicano.com\/index.php?rest_route=%2Fwp%2Fv2%2Fcomments&post=292063"}],"version-history":[{"count":1,"href":"https:\/\/diariodominicano.com\/index.php?rest_route=\/wp\/v2\/posts\/292063\/revisions"}],"predecessor-version":[{"id":292065,"href":"https:\/\/diariodominicano.com\/index.php?rest_route=\/wp\/v2\/posts\/292063\/revisions\/292065"}],"wp:featuredmedia":[{"embeddable":true,"href":"https:\/\/diariodominicano.com\/index.php?rest_route=\/wp\/v2\/media\/292064"}],"wp:attachment":[{"href":"https:\/\/diariodominicano.com\/index.php?rest_route=%2Fwp%2Fv2%2Fmedia&parent=292063"}],"wp:term":[{"taxonomy":"category","embeddable":true,"href":"https:\/\/diariodominicano.com\/index.php?rest_route=%2Fwp%2Fv2%2Fcategories&post=292063"},{"taxonomy":"post_tag","embeddable":true,"href":"https:\/\/diariodominicano.com\/index.php?rest_route=%2Fwp%2Fv2%2Ftags&post=292063"}],"curies":[{"name":"wp","href":"https:\/\/api.w.org\/{rel}","templated":true}]}}