{"id":292060,"date":"2021-08-12T19:35:45","date_gmt":"2021-08-12T23:35:45","guid":{"rendered":"http:\/\/diariodominicano.com\/?p=292060"},"modified":"2021-08-12T19:35:45","modified_gmt":"2021-08-12T23:35:45","slug":"itla-logra-impulso-hacia-la-expansion-y-oportunidades-de-educacion-tecnologica-al-alcance-de-los-jovenes","status":"publish","type":"post","link":"https:\/\/diariodominicano.com\/?p=292060","title":{"rendered":"ITLA logra impulso hacia la expansi\u00f3n y oportunidades  de educaci\u00f3n tecnol\u00f3gica al alcance de los j\u00f3venes"},"content":{"rendered":"\n<p>diariodominicano.com<\/p>\n\n\n\n<p>Santo Domingo, R. D., 12 de agosto, 2021.-  El Instituto Tecnol\u00f3gico de las Am\u00e9ricas, (ITLA), en su \u00faltimo a\u00f1o ha logrado apuntalarse con una apertura ofreciendo una mayor oportunidad de becas a j\u00f3venes de bajos recursos, sobre la base de proyectos innovadores y la presencia en diferentes comunidades lo que ha conllevado inversiones econ\u00f3micas y el aumento de la matricula estudiantil de educaci\u00f3n superior.<\/p>\n\n\n\n<p>A trav\u00e9s del Proyecto puntos Tecnol\u00f3gicos, fueron beneficiados un total de cinco mil veinte (5,020), j\u00f3venes con becas de capacitaci\u00f3n tecnol\u00f3gica, contribuyendo a la disminuci\u00f3n de la brecha digital en nuestro pa\u00eds<\/p>\n\n\n\n<p>Durante este tiempo la academia sigue apostando a la formaci\u00f3n de talento humano para lo cual realizo la graduaci\u00f3n de un total 272 nuevos profesionales en las diversas carreras de educaci\u00f3n superior, de estos, ya casi la mayor\u00eda se encuentran insertados en el mercado laboral. &nbsp;<\/p>\n\n\n\n<p>\u201cEs para nosotros una satisfacci\u00f3n, decir todos estos logros que hemos construido, un gran especial saludo, respeto de admiraci\u00f3n, al cuerpo docente que lo ha dado todo en medio de una pandemia y situaci\u00f3n financiera producto del Covid 19 y ha trabajado como siempre en cuerpo y alma, a lo que es la docencia en esta casa de estudios\u201d, afirm\u00f3 el Rector Omar M\u00e9ndez LLuberes, rector del ITLA, durante la presentaci\u00f3n del primer a\u00f1o de gesti\u00f3n.<\/p>\n\n\n\n<p>Dentro del programa de formaci\u00f3n continua para este periodo fueron capacitados a 1,135 ciudadanos, y a trav\u00e9s de la Unidad Extensi\u00f3n, recibieron formaci\u00f3n gratuita a 2,418 j\u00f3venes de distintos puntos del pa\u00eds.<\/p>\n\n\n\n<p>&nbsp;El incremento de la matricula estudiantil de educaci\u00f3n superior ha sido notoria, durante el per\u00edodo septiembre 2020 &#8211; junio 2021, el ITLA recibi\u00f3 un total de 2,322 estudiantes de nuevo ingreso, elevando a un 41% la matr\u00edcula de educaci\u00f3n superior, respecto a los \u00faltimos 3 cuatrimestres anteriores.<\/p>\n\n\n\n<p>En el campo de la innovaci\u00f3n, la academia ha logrado establecer 8 alianzas interinstitucionales con el objetivo de proveer capacitaciones y soluciones tecnol\u00f3gicas que eficienticen y transparenten el trabajo en la administraci\u00f3n p\u00fablica.<\/p>\n\n\n\n<p>&nbsp;De igual manera concert\u00f3 5 alianzas con empresas privadas para desarrollar las habilidades y competencias necesarias de sus colaboradores en materia tecnol\u00f3gica.&nbsp; Otras 5 alianzas con universidades nacionales para facilitar los estudios de las carreras tecnol\u00f3gicas de ingenier\u00eda, a favor de los egresados, convalidando dos a\u00f1os de la malla curricular.&nbsp;<\/p>\n\n\n\n<p>Y en camino a la internacionalizaci\u00f3n, recientemente la instituci\u00f3n acaba de firmar un acuerdo con la Metropolitan International University (MIU), de la Florida, que permitir\u00e1 a los egresados validar asignaturas equivalentes a dos a\u00f1os de un grado asociado.<\/p>\n\n\n\n<p>Dando continuidad e implementaci\u00f3n de los 5 nuevos tecn\u00f3logos, en el mes de enero 2021, fueron iniciadas las primeras cohortes de cinco carreras de nivel t\u00e9cnico superior en Simulaci\u00f3n Interactiva y Videojuegos, Inteligencia Artificial, Telecomunicaciones, Inform\u00e1tica Forense y Energ\u00eda Renovables.<\/p>\n\n\n\n<p>Pr\u00f3ximamente dar\u00e1 apertura a extensiones de ITLA, en San Pedro de Macor\u00eds, Monte Plata, al Este y Azua, al Sur, y Moca, en el Norte, para llevar la educaci\u00f3n tecnol\u00f3gica a comunidades lejanas, y puedan contar con un centro de capacitaci\u00f3n.<\/p>\n\n\n\n<p>Un proyecto de impacto constituye el dise\u00f1o y la creaci\u00f3n de pr\u00f3tesis Transtibiales de manera conjunta con el Hospital Ram\u00f3n de Lara, el Centro para la Salud Integral ILAC, y personal m\u00e9dico del Seguro Nacional de Salud SENASA, se iniciaron los trabajos para la implementaci\u00f3n del proyecto, en el inter\u00e9s de ayudar a las personas que han sufrido una amputaci\u00f3n por encima o por debajo de la rodilla. Las pr\u00f3tesis se realizar\u00e1n en material PLA reforzado, siendo el ITLA, pionero en el pa\u00eds en aplicar la tecnolog\u00eda 3D, para dicho proyecto.<\/p>\n\n\n\n<p>A trav\u00e9s del Centro de Innovaci\u00f3n y Emprendimiento, el ITLA est\u00e1 dise\u00f1ando para la Autoridad Nacional de Asuntos Mar\u00edtimos (ANAMAR), una boya clim\u00e1tica, que permitir\u00e1 el monitoreo en tiempo real y la recolecci\u00f3n de datos sobre el oc\u00e9ano.<\/p>\n\n\n\n<p>&nbsp;La instituci\u00f3n agregar\u00e1 a la oferta acad\u00e9mica, una nueva Carrera de Tecn\u00f3logo en Cinematograf\u00eda, formando profesionales altamente capacitados para esta gran industria Nacional.<\/p>\n\n\n\n<p>Y bajo la acreditaci\u00f3n, la academia sigue trabajando para acreditar los planes de estudio de tres de las carreras que cuenta con la agencia internacional ABET, dando un paso m\u00e1s hacia la excelencia acad\u00e9mica y prestigio de la instituci\u00f3n.<\/p>\n\n\n\n<p>Fuente: Departamento de Comunicaciones, ITLA.\u00a0<br>Lic. Yolanda Tapia<br><strong>Encargada de\u00a0 Comunicaci<\/strong>\u00f3<strong>n Digital<\/strong><\/p>\n","protected":false},"excerpt":{"rendered":"<p>diariodominicano.com Santo Domingo, R. D., 12 de agosto, 2021.- El Instituto Tecnol\u00f3gico de las Am\u00e9ricas, (ITLA), en su \u00faltimo a\u00f1o ha logrado apuntalarse con una apertura ofreciendo una mayor oportunidad de becas a j\u00f3venes de bajos recursos, sobre la base de proyectos innovadores y la presencia en diferentes comunidades lo que ha conllevado inversiones econ\u00f3micas [&hellip;]<\/p>\n","protected":false},"author":5,"featured_media":292061,"comment_status":"closed","ping_status":"","sticky":true,"template":"","format":"standard","meta":{"footnotes":""},"categories":[20,27],"tags":[],"class_list":["post-292060","post","type-post","status-publish","format-standard","has-post-thumbnail","hentry","category-dominicana-hoy","category-portada"],"_links":{"self":[{"href":"https:\/\/diariodominicano.com\/index.php?rest_route=\/wp\/v2\/posts\/292060","targetHints":{"allow":["GET"]}}],"collection":[{"href":"https:\/\/diariodominicano.com\/index.php?rest_route=\/wp\/v2\/posts"}],"about":[{"href":"https:\/\/diariodominicano.com\/index.php?rest_route=\/wp\/v2\/types\/post"}],"author":[{"embeddable":true,"href":"https:\/\/diariodominicano.com\/index.php?rest_route=\/wp\/v2\/users\/5"}],"replies":[{"embeddable":true,"href":"https:\/\/diariodominicano.com\/index.php?rest_route=%2Fwp%2Fv2%2Fcomments&post=292060"}],"version-history":[{"count":1,"href":"https:\/\/diariodominicano.com\/index.php?rest_route=\/wp\/v2\/posts\/292060\/revisions"}],"predecessor-version":[{"id":292062,"href":"https:\/\/diariodominicano.com\/index.php?rest_route=\/wp\/v2\/posts\/292060\/revisions\/292062"}],"wp:featuredmedia":[{"embeddable":true,"href":"https:\/\/diariodominicano.com\/index.php?rest_route=\/wp\/v2\/media\/292061"}],"wp:attachment":[{"href":"https:\/\/diariodominicano.com\/index.php?rest_route=%2Fwp%2Fv2%2Fmedia&parent=292060"}],"wp:term":[{"taxonomy":"category","embeddable":true,"href":"https:\/\/diariodominicano.com\/index.php?rest_route=%2Fwp%2Fv2%2Fcategories&post=292060"},{"taxonomy":"post_tag","embeddable":true,"href":"https:\/\/diariodominicano.com\/index.php?rest_route=%2Fwp%2Fv2%2Ftags&post=292060"}],"curies":[{"name":"wp","href":"https:\/\/api.w.org\/{rel}","templated":true}]}}