{"id":292050,"date":"2021-08-12T18:58:09","date_gmt":"2021-08-12T22:58:09","guid":{"rendered":"http:\/\/diariodominicano.com\/?p=292050"},"modified":"2021-08-12T18:58:09","modified_gmt":"2021-08-12T22:58:09","slug":"eeuu-enviara-soldados-a-aeropuerto-de-kabul-para-apoyar-retirada-de-personal-de-embajada","status":"publish","type":"post","link":"https:\/\/diariodominicano.com\/?p=292050","title":{"rendered":"EEUU enviar\u00e1 soldados a aeropuerto de Kabul para apoyar retirada de personal de embajada"},"content":{"rendered":"\n<p>diariodominicano.com<a rel=\"noreferrer noopener\" href=\"https:\/\/www.xinhua-news.com\/gdsdetailxhs\/share\/10219999-?pageflag=iframe\" target=\"_blank\"><\/a><\/p>\n\n\n\n<pre id=\"text-news-description\" class=\"wp-block-preformatted\">   WASHINGTON, 12 ago (Xinhua) -- El Departamento de Estado de Estados Unidos dijo hoy que el Pent\u00e1gono desplegar\u00e1 soldados adicionales en el aeropuerto de Kabul para apoyar la retirada del personal de la embajada debido a que la situaci\u00f3n de seguridad en Afganist\u00e1n sigue deterior\u00e1ndose.\n   \"Estamos reduciendo a\u00fan m\u00e1s nuestra presencia civil en Kabul debido a la evoluci\u00f3n de la situaci\u00f3n de seguridad. En las pr\u00f3ximas semanas esperamos reducirnos a una presencia diplom\u00e1tica b\u00e1sica en Afganist\u00e1n\", dijo a los reporteros en la conferencia de prensa diaria, el vocero del Departamento de Estado, Ned Price.\n   \"Con el fin de facilitar esta reducci\u00f3n, el Departamento de Defensa desplegar\u00e1 temporalmente personal adicional en el Aeropuerto Internacional Hamid Karzai\", agreg\u00f3.\n    El vocero dijo que la embajada permanece abierta y que Estados Unidos tiene planeado continuar con su labor diplom\u00e1tica en el pa\u00eds.\n   Price se\u00f1al\u00f3 adem\u00e1s que el secretario de Estado Antony Blinken y el jefe del Pent\u00e1gono, Lloyd Austin, conversaron hoy con anterioridad por tel\u00e9fono con el presidente afgano Ashraf Ghani para coordinar el plan. <\/pre>\n","protected":false},"excerpt":{"rendered":"<p>diariodominicano.com WASHINGTON, 12 ago (Xinhua) &#8212; El Departamento de Estado de Estados Unidos dijo hoy que el Pent\u00e1gono desplegar\u00e1 soldados adicionales en el aeropuerto de Kabul para apoyar la retirada del personal de la embajada debido a que la situaci\u00f3n de seguridad en Afganist\u00e1n sigue deterior\u00e1ndose. \u00abEstamos reduciendo a\u00fan m\u00e1s nuestra presencia civil en Kabul [&hellip;]<\/p>\n","protected":false},"author":5,"featured_media":292052,"comment_status":"closed","ping_status":"","sticky":true,"template":"","format":"standard","meta":{"footnotes":""},"categories":[23,27],"tags":[],"class_list":["post-292050","post","type-post","status-publish","format-standard","has-post-thumbnail","hentry","category-internacional","category-portada"],"_links":{"self":[{"href":"https:\/\/diariodominicano.com\/index.php?rest_route=\/wp\/v2\/posts\/292050","targetHints":{"allow":["GET"]}}],"collection":[{"href":"https:\/\/diariodominicano.com\/index.php?rest_route=\/wp\/v2\/posts"}],"about":[{"href":"https:\/\/diariodominicano.com\/index.php?rest_route=\/wp\/v2\/types\/post"}],"author":[{"embeddable":true,"href":"https:\/\/diariodominicano.com\/index.php?rest_route=\/wp\/v2\/users\/5"}],"replies":[{"embeddable":true,"href":"https:\/\/diariodominicano.com\/index.php?rest_route=%2Fwp%2Fv2%2Fcomments&post=292050"}],"version-history":[{"count":1,"href":"https:\/\/diariodominicano.com\/index.php?rest_route=\/wp\/v2\/posts\/292050\/revisions"}],"predecessor-version":[{"id":292053,"href":"https:\/\/diariodominicano.com\/index.php?rest_route=\/wp\/v2\/posts\/292050\/revisions\/292053"}],"wp:featuredmedia":[{"embeddable":true,"href":"https:\/\/diariodominicano.com\/index.php?rest_route=\/wp\/v2\/media\/292052"}],"wp:attachment":[{"href":"https:\/\/diariodominicano.com\/index.php?rest_route=%2Fwp%2Fv2%2Fmedia&parent=292050"}],"wp:term":[{"taxonomy":"category","embeddable":true,"href":"https:\/\/diariodominicano.com\/index.php?rest_route=%2Fwp%2Fv2%2Fcategories&post=292050"},{"taxonomy":"post_tag","embeddable":true,"href":"https:\/\/diariodominicano.com\/index.php?rest_route=%2Fwp%2Fv2%2Ftags&post=292050"}],"curies":[{"name":"wp","href":"https:\/\/api.w.org\/{rel}","templated":true}]}}