{"id":292046,"date":"2021-08-12T18:00:53","date_gmt":"2021-08-12T22:00:53","guid":{"rendered":"http:\/\/diariodominicano.com\/?p=292046"},"modified":"2021-08-12T18:00:53","modified_gmt":"2021-08-12T22:00:53","slug":"tormenta-fred-defensa-civil-realiza-labores-preventivas-y-de-respuesta-tras-paso-del-fenomeno","status":"publish","type":"post","link":"https:\/\/diariodominicano.com\/?p=292046","title":{"rendered":"Tormenta Fred: Defensa Civil realiza labores preventivas y de respuesta tras paso del fen\u00f3meno"},"content":{"rendered":"\n<p>diariodominicano.com<\/p>\n\n\n\n<p><strong>Santo Domingo<\/strong>, R. D.,  12 de agosto, 2021.- Personal de la Defensa Civil Dominicana realiz\u00f3 desde tempranas horas del mi\u00e9rcoles varias acciones preventivas y de respuesta con miras a proteger la vida y propiedades de la ciudadan\u00eda, ante los efectos de la tormenta tropical Fred sobre el pa\u00eds.<\/p>\n\n\n\n<p>El personal naranja se moviliz\u00f3 hacia los sectores La Lila y El Dique en Santo Domingo Este, dos de los m\u00e1s vulnerables debido a su cercan\u00eda con el r\u00edo Ozama, donde realizaron perifoneos preventivos y orientaron a la poblaci\u00f3n sobre c\u00f3mo y hacia d\u00f3nde dirigirse en caso de una emergencia.<\/p>\n\n\n\n<div class=\"wp-block-image\"><figure class=\"alignleft size-large is-resized\"><img loading=\"lazy\" decoding=\"async\" src=\"https:\/\/diariodominicano.com\/wp-content\/uploads\/2021\/08\/Defensacivilasiste-2021-08-12-1024x682.jpeg\" alt=\"\" class=\"wp-image-292048\" width=\"374\" height=\"248\" srcset=\"https:\/\/diariodominicano.com\/wp-content\/uploads\/2021\/08\/Defensacivilasiste-2021-08-12-1024x682.jpeg 1024w, https:\/\/diariodominicano.com\/wp-content\/uploads\/2021\/08\/Defensacivilasiste-2021-08-12-300x200.jpeg 300w, https:\/\/diariodominicano.com\/wp-content\/uploads\/2021\/08\/Defensacivilasiste-2021-08-12-768x512.jpeg 768w, https:\/\/diariodominicano.com\/wp-content\/uploads\/2021\/08\/Defensacivilasiste-2021-08-12-1536x1023.jpeg 1536w, https:\/\/diariodominicano.com\/wp-content\/uploads\/2021\/08\/Defensacivilasiste-2021-08-12-816x544.jpeg 816w, https:\/\/diariodominicano.com\/wp-content\/uploads\/2021\/08\/Defensacivilasiste-2021-08-12.jpeg 1600w\" sizes=\"auto, (max-width: 374px) 100vw, 374px\" \/><\/figure><\/div>\n\n\n\n<p>Tras un recorrido por la Avenida Espa\u00f1a y los sectores Ensanche Ozama y Los Mameyes de la localidad, trabajaron en el corte y remoci\u00f3n de varios \u00e1rboles que cayeron producto de los vientos y lluvias que trajo consigo la fen\u00f3meno atmosf\u00e9rico.<\/p>\n\n\n\n<p>La supervisi\u00f3n de zonas vulnerables fue otra de las acciones que ejecutaron, en coordinaci\u00f3n con el director ejecutivo de la instituci\u00f3n, Juan Salas, quien &nbsp;explic\u00f3 que esta medida fue extensiva a las 32 provincias del pa\u00eds.<\/p>\n\n\n\n<p><strong>Asistencia cami\u00f3n tanquero Santiago.<\/strong><\/p>\n\n\n\n<p>La Unidad de B\u00fasqueda y Rescate de la Defensa Civil de Santiago, se traslad\u00f3 hasta la comunidad de La Herradura, para dar asistencia al conductor de un cami\u00f3n tanquero que cay\u00f3 dentro de un hoyo, derramando combustible; no se reportan v\u00edctimas.<\/p>\n\n\n\n<p><\/p>\n\n\n\n<p>Fuente:  <strong>Defensa Civil Dominicana<\/strong><\/p>\n\n\n\n<p>Viancamely Alc\u00e1ntara <br><\/p>\n","protected":false},"excerpt":{"rendered":"<p>diariodominicano.com Santo Domingo, R. D., 12 de agosto, 2021.- Personal de la Defensa Civil Dominicana realiz\u00f3 desde tempranas horas del mi\u00e9rcoles varias acciones preventivas y de respuesta con miras a proteger la vida y propiedades de la ciudadan\u00eda, ante los efectos de la tormenta tropical Fred sobre el pa\u00eds. El personal naranja se moviliz\u00f3 hacia [&hellip;]<\/p>\n","protected":false},"author":5,"featured_media":292047,"comment_status":"closed","ping_status":"","sticky":true,"template":"","format":"standard","meta":{"footnotes":""},"categories":[20,27],"tags":[],"class_list":["post-292046","post","type-post","status-publish","format-standard","has-post-thumbnail","hentry","category-dominicana-hoy","category-portada"],"_links":{"self":[{"href":"https:\/\/diariodominicano.com\/index.php?rest_route=\/wp\/v2\/posts\/292046","targetHints":{"allow":["GET"]}}],"collection":[{"href":"https:\/\/diariodominicano.com\/index.php?rest_route=\/wp\/v2\/posts"}],"about":[{"href":"https:\/\/diariodominicano.com\/index.php?rest_route=\/wp\/v2\/types\/post"}],"author":[{"embeddable":true,"href":"https:\/\/diariodominicano.com\/index.php?rest_route=\/wp\/v2\/users\/5"}],"replies":[{"embeddable":true,"href":"https:\/\/diariodominicano.com\/index.php?rest_route=%2Fwp%2Fv2%2Fcomments&post=292046"}],"version-history":[{"count":1,"href":"https:\/\/diariodominicano.com\/index.php?rest_route=\/wp\/v2\/posts\/292046\/revisions"}],"predecessor-version":[{"id":292049,"href":"https:\/\/diariodominicano.com\/index.php?rest_route=\/wp\/v2\/posts\/292046\/revisions\/292049"}],"wp:featuredmedia":[{"embeddable":true,"href":"https:\/\/diariodominicano.com\/index.php?rest_route=\/wp\/v2\/media\/292047"}],"wp:attachment":[{"href":"https:\/\/diariodominicano.com\/index.php?rest_route=%2Fwp%2Fv2%2Fmedia&parent=292046"}],"wp:term":[{"taxonomy":"category","embeddable":true,"href":"https:\/\/diariodominicano.com\/index.php?rest_route=%2Fwp%2Fv2%2Fcategories&post=292046"},{"taxonomy":"post_tag","embeddable":true,"href":"https:\/\/diariodominicano.com\/index.php?rest_route=%2Fwp%2Fv2%2Ftags&post=292046"}],"curies":[{"name":"wp","href":"https:\/\/api.w.org\/{rel}","templated":true}]}}