{"id":292024,"date":"2021-08-11T21:52:35","date_gmt":"2021-08-12T01:52:35","guid":{"rendered":"http:\/\/diariodominicano.com\/?p=292024"},"modified":"2021-08-11T21:52:35","modified_gmt":"2021-08-12T01:52:35","slug":"fiscalia-de-duarte-obtiene-apertura-a-juicio-contra-ex-procurador-de-corte-que-ejercio-violencia-intrafamiliar","status":"publish","type":"post","link":"https:\/\/diariodominicano.com\/?p=292024","title":{"rendered":"Fiscal\u00eda de Duarte obtiene apertura a juicio contra ex procurador de corte que ejerci\u00f3 violencia intrafamiliar"},"content":{"rendered":"\n<p>diariodominicano.com<\/p>\n\n\n\n<p>San Francisco de Macor\u00eds, Duarte, R. D., 11 de agosto, 2021.-  El Segundo Juzgado de Instrucci\u00f3n del distrito judicial de la provincia Duarte orden\u00f3 apertura a juicio en contra de un exfiscal acusado de agredir f\u00edsica, verbal y psicol\u00f3gicamente a su pareja en 2019.<\/p>\n\n\n\n<p>Acogiendo la calificaci\u00f3n jur\u00eddica de violencia intrafamiliar, planteada por el Ministerio P\u00fablico, la jueza Argentina Tejada envi\u00f3 a juicio de fondo a Wascar Antonio Fern\u00e1ndez Graciano, por las agresiones contra Rosenia Cruz.<\/p>\n\n\n\n<p>La Fiscal\u00eda de Duarte mostr\u00f3 en el juicio preliminar las evidencias de que el 26 de noviembre de 2019, el Sistema Nacional de Atenci\u00f3n a Emergencias (9-1-1) de San Francisco de Macor\u00eds recibi\u00f3 una llamada, que advert\u00eda sobre actos de violencia que se registraban en una vivienda del residencial La Quinta de los Maestros.<\/p>\n\n\n\n<p>La versi\u00f3n fue corroborada por la v\u00edctima y su agresor fue identificado como Wascar Antonio Fern\u00e1ndez Graciano, quien hasta entonces era procurador de corte en la Procuradur\u00eda Regional de San Francisco de Macor\u00eds, provincia Duarte.<\/p>\n\n\n\n<p>Fuente:  <strong>Direcci\u00f3n de Comunicaci\u00f3n y Prensa<\/strong><\/p>\n\n\n\n<p><strong>Procuradur\u00eda General-Ministerio P\u00fablico RD<\/strong><\/p>\n\n\n\n<p><strong>Mi\u00e9rcoles, 11 de agosto de 2021<\/strong><\/p>\n\n\n\n<p><strong>Direcci\u00f3n General de Comunicaciones, Prensa y Relaciones P\u00fablicas<\/strong><\/p>\n\n\n\n<p>Procuradur\u00eda General de la Rep\u00fablica Dominicana<\/p>\n","protected":false},"excerpt":{"rendered":"<p>diariodominicano.com San Francisco de Macor\u00eds, Duarte, R. D., 11 de agosto, 2021.- El Segundo Juzgado de Instrucci\u00f3n del distrito judicial de la provincia Duarte orden\u00f3 apertura a juicio en contra de un exfiscal acusado de agredir f\u00edsica, verbal y psicol\u00f3gicamente a su pareja en 2019. Acogiendo la calificaci\u00f3n jur\u00eddica de violencia intrafamiliar, planteada por el [&hellip;]<\/p>\n","protected":false},"author":5,"featured_media":292025,"comment_status":"closed","ping_status":"","sticky":true,"template":"","format":"standard","meta":{"footnotes":""},"categories":[24,27],"tags":[],"class_list":["post-292024","post","type-post","status-publish","format-standard","has-post-thumbnail","hentry","category-justicia-y-derecho","category-portada"],"_links":{"self":[{"href":"https:\/\/diariodominicano.com\/index.php?rest_route=\/wp\/v2\/posts\/292024","targetHints":{"allow":["GET"]}}],"collection":[{"href":"https:\/\/diariodominicano.com\/index.php?rest_route=\/wp\/v2\/posts"}],"about":[{"href":"https:\/\/diariodominicano.com\/index.php?rest_route=\/wp\/v2\/types\/post"}],"author":[{"embeddable":true,"href":"https:\/\/diariodominicano.com\/index.php?rest_route=\/wp\/v2\/users\/5"}],"replies":[{"embeddable":true,"href":"https:\/\/diariodominicano.com\/index.php?rest_route=%2Fwp%2Fv2%2Fcomments&post=292024"}],"version-history":[{"count":1,"href":"https:\/\/diariodominicano.com\/index.php?rest_route=\/wp\/v2\/posts\/292024\/revisions"}],"predecessor-version":[{"id":292026,"href":"https:\/\/diariodominicano.com\/index.php?rest_route=\/wp\/v2\/posts\/292024\/revisions\/292026"}],"wp:featuredmedia":[{"embeddable":true,"href":"https:\/\/diariodominicano.com\/index.php?rest_route=\/wp\/v2\/media\/292025"}],"wp:attachment":[{"href":"https:\/\/diariodominicano.com\/index.php?rest_route=%2Fwp%2Fv2%2Fmedia&parent=292024"}],"wp:term":[{"taxonomy":"category","embeddable":true,"href":"https:\/\/diariodominicano.com\/index.php?rest_route=%2Fwp%2Fv2%2Fcategories&post=292024"},{"taxonomy":"post_tag","embeddable":true,"href":"https:\/\/diariodominicano.com\/index.php?rest_route=%2Fwp%2Fv2%2Ftags&post=292024"}],"curies":[{"name":"wp","href":"https:\/\/api.w.org\/{rel}","templated":true}]}}