{"id":292012,"date":"2021-08-11T20:35:06","date_gmt":"2021-08-12T00:35:06","guid":{"rendered":"http:\/\/diariodominicano.com\/?p=292012"},"modified":"2021-08-11T20:35:06","modified_gmt":"2021-08-12T00:35:06","slug":"presidente-abinader-rd-da-paso-historico-hacia-un-clima-de-inversion-favorable-crecimiento-empleo-y-desarrollo-real","status":"publish","type":"post","link":"https:\/\/diariodominicano.com\/?p=292012","title":{"rendered":"Presidente Abinader: RD da paso hist\u00f3rico hacia un clima de inversi\u00f3n favorable, crecimiento, empleo y desarrollo real"},"content":{"rendered":"\n<p>diariodominicano.com<\/p>\n\n\n\n<p>Santo Domingo, 11 de agosto, 2021.- \u00a0El presidente Luis Abinader calific\u00f3 la incorporaci\u00f3n de la Bolsa de Comercio de Santiago de Chile en calidad de accionista de la Bolsa de Valores de Rep\u00fablica Dominicana y en funciones de participante activo en su \u00f3rgano de decisiones, como uno de los eventos m\u00e1s importantes en la historia del mercado de capitales en el pa\u00eds.<\/p>\n\n\n\n<p>\u201cHoy es un d\u00eda hist\u00f3rico para la econom\u00eda y el mercado de valores. Esta importante Alianza se enmarca en nuestra apuesta por generar un clima de inversi\u00f3n favorable, en todos los sectores, para propiciar crecimiento, empleo y desarrollo real\u201d, expres\u00f3 el jefe de Estado al encabezar el acto de firma simb\u00f3lica en el Palacio Nacional.<\/p>\n\n\n\n<p>Se trata, destac\u00f3, de un d\u00eda muy esperado para todos, pero muy especialmente para el sector econ\u00f3mico y financiero del pa\u00eds.<\/p>\n\n\n\n<p>\u201cHoy despega una nueva econom\u00eda, m\u00e1s s\u00f3lida, m\u00e1s competitiva y con una perspectiva de futuro a la par con las mejores de la regi\u00f3n\u201d, dijo, tras precisar que esto no se debe a efectos del azar o la buena suerte, sino al trabajo continuado, planificado y ejecutado por el gobierno que encabeza.<\/p>\n\n\n\n<p>Manifest\u00f3 que ahora se podr\u00e1 acceder a nuevos mercados, igual que a mecanismos, herramientas y mejores pr\u00e1cticas que permitir\u00e1n colocar a la Bolsa de Valores del pa\u00eds entre las m\u00e1s sofisticadas de la regi\u00f3n; todo esto al servicio del sistema financiero y de la econom\u00eda.<\/p>\n\n\n\n<p>A\u00f1adi\u00f3 que tener un mercado de capitales robusto, din\u00e1mico y diversificado es una condici\u00f3n necesaria para lograr un nuevo nivel de desarrollo de la econom\u00eda dominicana y es lo que tanto buscan. En ello trabajan d\u00eda a d\u00eda.<\/p>\n\n\n\n<p>A partir de aqu\u00ed, se inicia un per\u00edodo de consolidaci\u00f3n y expansi\u00f3n del mercado de capitales de la Rep\u00fablica Dominicana, como el canal id\u00f3neo de financiamiento de la Estrategia Nacional de Desarrollo de nuestra naci\u00f3n.<\/p>\n\n\n\n<p>En la actividad participaron el ministro de la Presidencia, Lisandro Macarrulla; el ministro administrativo, Jos\u00e9 Ignacio Paliza; el consultor jur\u00eddico del Poder Ejecutivo, Antoliano Peralta Romero; el presidente del Consejo Nacional del Mercado de Valores, Ervin Novas, y el superintendente del Mercado de Valores de la Rep\u00fablica Dominicana, Gabriel Castro.<\/p>\n\n\n\n<p>Tambi\u00e9n, el presidente del Consejo de Administraci\u00f3n de la Bolsa y Mercados de Valores de Rep\u00fablica Dominicana, Freddy Dom\u00ednguez; la vicepresidenta ejecutiva, Elianne V\u00edlchez Abreu. A ellos se sumaron, a trav\u00e9s de Zoom, el gerente general de la Bolsa de Comercio de Santiago de Chile, Jos\u00e9 Antonio Mart\u00ednez, y el presidente del Consejo de Administraci\u00f3n de la Bolsa de Valores de Santiago de Chile, Juan Andr\u00e9s Camus.<\/p>\n\n\n\n<p><strong>Soluci\u00f3n a trabas<\/strong><\/p>\n\n\n\n<p>El presidente Abinader valor\u00f3 que el Mercado de Valores en el pa\u00eds ha crecido de forma relevante en los \u00faltimos 20 a\u00f1os, hasta alcanzar una profundidad de m\u00e1s de 32,000 millones de d\u00f3lares y un volumen anual de transacciones que se proyecta este a\u00f1o en m\u00e1s de 85,000 millones de d\u00f3lares, lo cual equivale al monto de nuestro Producto Interno Bruto.<\/p>\n\n\n\n<p>No obstante, dej\u00f3 claro que al d\u00eda de hoy a\u00fan no se hab\u00eda podido desarrollar el significativo Mercado de Emisi\u00f3n de Acciones por m\u00faltiples trabas estructurales y por la falta de algunos reglamentos necesarios e incentivos b\u00e1sicos.<\/p>\n\n\n\n<p>\u201cConscientes de esta situaci\u00f3n, en los primeros meses de nuestro Gobierno nos propusimos resolver estos temas como una de nuestras prioridades y fomentamos la formaci\u00f3n de un equipo de trabajo multidisciplinario compuesto por entidades del sector p\u00fablico y el sector privado, para identificar los temas que deb\u00edan resolverse y proponer e implementar soluciones adecuadas de forma acelerada\u201d, expuso el mandatario.<\/p>\n\n\n\n<p>Seg\u00fan continu\u00f3 explicando el presidente Abinader, producto del trabajo del equipo designado, naci\u00f3 el Proyecto de Ley de Fomento al Mercado que hoy se convierte en Ley, el cual resuelve la mayor\u00eda de los problemas estructurales que hist\u00f3ricamente han frenado el desarrollo del Mercado de Emisi\u00f3n de Acciones e introduce incentivos temporales para dinamizar el mismo.<\/p>\n\n\n\n<p>Insisti\u00f3 en que esta es la mejor alianza que como pa\u00eds y sociedad se puede hacer. \u201cUna que beneficie a todos, que nos haga part\u00edcipes del desarrollo del pa\u00eds y que permita una distribuci\u00f3n justa de la riqueza nacional\u201d, enfatiz\u00f3.<\/p>\n\n\n\n<p><strong>Acertada visi\u00f3n del presidente Abinader<\/strong><\/p>\n\n\n\n<p>De su lado, el superintendente del Mercado de Valores calific\u00f3 de acertada visi\u00f3n del presidente Abinader al definir una agenda que va a transformar el sector hist\u00f3ricamente en los pr\u00f3ximos a\u00f1os.<\/p>\n\n\n\n<p>Castro dijo que este acuerdo permite al pa\u00eds absorber las mejores pr\u00e1cticas a nivel internacional y resalt\u00f3 que la Bolsa de valores de Santiago de Chile es la tercera m\u00e1s importante de Am\u00e9rica Latina.<\/p>\n\n\n\n<p>De manera similar, la vicepresidenta ejecutiva de la Bolsa y Mercados de Valores de Rep\u00fablica Dominicana (BVRD) dijo que la oficializaci\u00f3n de esta firma de acuerdo es un paso sin precedentes para el mercado de capitales del pa\u00eds y asegur\u00f3 que la iniciativa aportar\u00e1 mejoras sustanciales para la competitividad del mercado de valores y, por ende, de la naci\u00f3n<\/p>\n\n\n\n<p>Por su parte, el presidente del Consejo de Administraci\u00f3n de la Bolsa de Valores de Santiago de Chile, a trav\u00e9s de un discurso virtual, manifest\u00f3 que esta firma de acuerdo permitir\u00e1 transferir parte de su experiencia en desarrollo del mercado capital y significa trasladar tecnolog\u00eda sofisticada de primer nivel que ha desarrollado la bolsa chilena.<\/p>\n\n\n\n<p>Expres\u00f3 que esta centenaria bolsa es la principal plaza burs\u00e1til chilena y en ella se transan m\u00e1s de 2,000 millones de d\u00f3lares cada d\u00eda en acciones, instrumentos de renta fija, valores de intermediaci\u00f3n, cuotas de fondos y t\u00edtulos extranjeros.<\/p>\n\n\n\n<p>&nbsp;Camus agreg\u00f3 que est\u00e1n muy entusiasmados por formar parte de la Bolsa de Valores de la Rep\u00fablica Dominicana y agradecidos por la confianza que lograron establecer durante todo el proceso.<\/p>\n\n\n\n<p>Tambi\u00e9n por Zoom, el ministro de Ciencia y Tecnolog\u00eda de Chile, Andr\u00e9 Couve, y el gerente de Clientes y Negocios de la BCS, Andr\u00e9s Araya Falcone, ofrecieron explicaciones sobre los pasos a seguir en la etapa posterior a la firma de este acuerdo.<\/p>\n\n\n\n<p><strong>Amigable clima de inversi\u00f3n<\/strong><\/p>\n\n\n\n<p>En el marco de la reuni\u00f3n, el consultor jur\u00eddico del Poder Ejecutivo hizo lectura de la Ley 163-21, de fomento a la colocaci\u00f3n y comercializaci\u00f3n de valores de oferta p\u00fablica en el Mercado de Valores de la Rep\u00fablica Dominicana.<\/p>\n\n\n\n<p>\u201cCon estas medidas, la presente administraci\u00f3n evidencia su inter\u00e9s en propiciar un amigable clima de inversi\u00f3n y un mercado robusto y seguro, que pueda traducirse en bienestar no solo para este creciente sector de la econom\u00eda, sino para toda la poblaci\u00f3n dominicana, que es, al fin y al cabo, la preocupaci\u00f3n final del gobierno y del presidente Abinader en particular\u201d, expuso Peralta Romero.<\/p>\n\n\n\n<p>El encuentro concluy\u00f3 con la firma simb\u00f3lica entre la vicepresidenta ejecutiva de la Bolsa y Mercados de Valores de Rep\u00fablica Dominicana y el gerente general de la Bolsa de Comercio de Santiago de Chile, Jos\u00e9 Antonio Mart\u00ednez.<\/p>\n\n\n\n<p>Fuente: Direcci\u00f3n de Prensa <\/p>\n\n\n\n<p>Presidencia de la Rep\u00fablica Dominicana<\/p>\n","protected":false},"excerpt":{"rendered":"<p>diariodominicano.com Santo Domingo, 11 de agosto, 2021.- \u00a0El presidente Luis Abinader calific\u00f3 la incorporaci\u00f3n de la Bolsa de Comercio de Santiago de Chile en calidad de accionista de la Bolsa de Valores de Rep\u00fablica Dominicana y en funciones de participante activo en su \u00f3rgano de decisiones, como uno de los eventos m\u00e1s importantes en la [&hellip;]<\/p>\n","protected":false},"author":5,"featured_media":292013,"comment_status":"closed","ping_status":"","sticky":true,"template":"","format":"standard","meta":{"footnotes":""},"categories":[20,27],"tags":[],"class_list":["post-292012","post","type-post","status-publish","format-standard","has-post-thumbnail","hentry","category-dominicana-hoy","category-portada"],"_links":{"self":[{"href":"https:\/\/diariodominicano.com\/index.php?rest_route=\/wp\/v2\/posts\/292012","targetHints":{"allow":["GET"]}}],"collection":[{"href":"https:\/\/diariodominicano.com\/index.php?rest_route=\/wp\/v2\/posts"}],"about":[{"href":"https:\/\/diariodominicano.com\/index.php?rest_route=\/wp\/v2\/types\/post"}],"author":[{"embeddable":true,"href":"https:\/\/diariodominicano.com\/index.php?rest_route=\/wp\/v2\/users\/5"}],"replies":[{"embeddable":true,"href":"https:\/\/diariodominicano.com\/index.php?rest_route=%2Fwp%2Fv2%2Fcomments&post=292012"}],"version-history":[{"count":1,"href":"https:\/\/diariodominicano.com\/index.php?rest_route=\/wp\/v2\/posts\/292012\/revisions"}],"predecessor-version":[{"id":292014,"href":"https:\/\/diariodominicano.com\/index.php?rest_route=\/wp\/v2\/posts\/292012\/revisions\/292014"}],"wp:featuredmedia":[{"embeddable":true,"href":"https:\/\/diariodominicano.com\/index.php?rest_route=\/wp\/v2\/media\/292013"}],"wp:attachment":[{"href":"https:\/\/diariodominicano.com\/index.php?rest_route=%2Fwp%2Fv2%2Fmedia&parent=292012"}],"wp:term":[{"taxonomy":"category","embeddable":true,"href":"https:\/\/diariodominicano.com\/index.php?rest_route=%2Fwp%2Fv2%2Fcategories&post=292012"},{"taxonomy":"post_tag","embeddable":true,"href":"https:\/\/diariodominicano.com\/index.php?rest_route=%2Fwp%2Fv2%2Ftags&post=292012"}],"curies":[{"name":"wp","href":"https:\/\/api.w.org\/{rel}","templated":true}]}}