{"id":292000,"date":"2021-08-11T19:25:46","date_gmt":"2021-08-11T23:25:46","guid":{"rendered":"http:\/\/diariodominicano.com\/?p=292000"},"modified":"2021-08-11T19:25:46","modified_gmt":"2021-08-11T23:25:46","slug":"se-estrella-helicoptero-en-suburbios-de-chicago","status":"publish","type":"post","link":"https:\/\/diariodominicano.com\/?p=292000","title":{"rendered":"Se estrella helic\u00f3ptero en suburbios de Chicago"},"content":{"rendered":"\n<p>diariodominicano.com<a rel=\"noreferrer noopener\" href=\"http:\/\/home.xinhua-news.com\/gdsdetailxhs\/share\/9821205-?pageflag=iframe\" target=\"_blank\"><\/a><\/p>\n\n\n\n<pre id=\"text-news-description\" class=\"wp-block-preformatted\">   CHICAGO, 11 ago (Xinhua) -- Un helic\u00f3ptero se estrell\u00f3 hoy por la ma\u00f1ana en Prospect Heights en los suburbios del noroeste de Chicago, inform\u00f3 la Administraci\u00f3n Federal de Aviaci\u00f3n (FAA).\n\n   El piloto fue trasladado a un hospital y se espera que sobreviva, inform\u00f3 hoy el Chicago Tribune.\n\n   El helic\u00f3ptero Robinson R44, en el que s\u00f3lo viajaba el piloto, se estrell\u00f3 a cerca de 1,5 kil\u00f3metros al sur del Aeropuerto Ejecutivo de Chicago a las 06:40 hora local, inform\u00f3 la vocera de la FAA, Elizabeth Isham Cory, seg\u00fan informes del diario. \n<\/pre>\n","protected":false},"excerpt":{"rendered":"<p>diariodominicano.com CHICAGO, 11 ago (Xinhua) &#8212; Un helic\u00f3ptero se estrell\u00f3 hoy por la ma\u00f1ana en Prospect Heights en los suburbios del noroeste de Chicago, inform\u00f3 la Administraci\u00f3n Federal de Aviaci\u00f3n (FAA). El piloto fue trasladado a un hospital y se espera que sobreviva, inform\u00f3 hoy el Chicago Tribune. El helic\u00f3ptero Robinson R44, en el que [&hellip;]<\/p>\n","protected":false},"author":5,"featured_media":292001,"comment_status":"closed","ping_status":"","sticky":true,"template":"","format":"standard","meta":{"footnotes":""},"categories":[23,27],"tags":[],"class_list":["post-292000","post","type-post","status-publish","format-standard","has-post-thumbnail","hentry","category-internacional","category-portada"],"_links":{"self":[{"href":"https:\/\/diariodominicano.com\/index.php?rest_route=\/wp\/v2\/posts\/292000","targetHints":{"allow":["GET"]}}],"collection":[{"href":"https:\/\/diariodominicano.com\/index.php?rest_route=\/wp\/v2\/posts"}],"about":[{"href":"https:\/\/diariodominicano.com\/index.php?rest_route=\/wp\/v2\/types\/post"}],"author":[{"embeddable":true,"href":"https:\/\/diariodominicano.com\/index.php?rest_route=\/wp\/v2\/users\/5"}],"replies":[{"embeddable":true,"href":"https:\/\/diariodominicano.com\/index.php?rest_route=%2Fwp%2Fv2%2Fcomments&post=292000"}],"version-history":[{"count":1,"href":"https:\/\/diariodominicano.com\/index.php?rest_route=\/wp\/v2\/posts\/292000\/revisions"}],"predecessor-version":[{"id":292002,"href":"https:\/\/diariodominicano.com\/index.php?rest_route=\/wp\/v2\/posts\/292000\/revisions\/292002"}],"wp:featuredmedia":[{"embeddable":true,"href":"https:\/\/diariodominicano.com\/index.php?rest_route=\/wp\/v2\/media\/292001"}],"wp:attachment":[{"href":"https:\/\/diariodominicano.com\/index.php?rest_route=%2Fwp%2Fv2%2Fmedia&parent=292000"}],"wp:term":[{"taxonomy":"category","embeddable":true,"href":"https:\/\/diariodominicano.com\/index.php?rest_route=%2Fwp%2Fv2%2Fcategories&post=292000"},{"taxonomy":"post_tag","embeddable":true,"href":"https:\/\/diariodominicano.com\/index.php?rest_route=%2Fwp%2Fv2%2Ftags&post=292000"}],"curies":[{"name":"wp","href":"https:\/\/api.w.org\/{rel}","templated":true}]}}