{"id":291994,"date":"2021-08-11T14:26:23","date_gmt":"2021-08-11T18:26:23","guid":{"rendered":"http:\/\/diariodominicano.com\/?p=291994"},"modified":"2021-08-11T14:26:23","modified_gmt":"2021-08-11T18:26:23","slug":"lopez-obrador-invita-a-biden-a-visitar-mexico-en-septiembre","status":"publish","type":"post","link":"https:\/\/diariodominicano.com\/?p=291994","title":{"rendered":"L\u00f3pez Obrador invita a Biden a visitar M\u00e9xico en septiembre"},"content":{"rendered":"\n<h3 class=\"wp-block-heading\">diariodominicano.com<a rel=\"noreferrer noopener\" href=\"http:\/\/home.xinhua-news.com\/gdsdetailxhs\/share\/9821108-?pageflag=iframe\" target=\"_blank\"><\/a><a rel=\"noreferrer noopener\" href=\"http:\/\/home.xinhua-news.com\/gdsdetailxhs\/share\/9821108-?pageflag=iframe\" target=\"_blank\"><\/a><\/h3>\n\n\n\n<pre id=\"text-news-description\" class=\"wp-block-preformatted\">   MEXICO, 11 ago (Xinhua) -- El presidente mexicano, Andr\u00e9s Manuel L\u00f3pez Obrador, dijo hoy mi\u00e9rcoles que extendi\u00f3 una invitaci\u00f3n a su hom\u00f3logo estadounidense, Joe Biden, para que visite M\u00e9xico a finales de septiembre de este a\u00f1o.\n   \"Hay esa posibilidad\", explic\u00f3 L\u00f3pez Obrador a periodistas durante su habitual rueda de prensa matutina en Palacio Nacional, en la Ciudad de M\u00e9xico.\n   \"Nosotros le formulamos una invitaci\u00f3n para que \u00e9l visite M\u00e9xico y tener una reuni\u00f3n\", a\u00f1adi\u00f3 el mandatario mexicano.\n   La propuesta se dio durante la visita a M\u00e9xico de una delegaci\u00f3n estadounidense encabezada por el asesor de seguridad, Jake Sullivan, y el secretario de Seguridad Nacional, Alejandro Mayorkas, entre otros funcionarios estadounidenses.\n   La invitaci\u00f3n ocurri\u00f3 tambi\u00e9n despu\u00e9s de que L\u00f3pez Obrador sostuvo el lunes una llamada telef\u00f3nica con la vicepresidenta de Estados Unidos, Kamala Harris.\n   L\u00f3pez Obrador dijo que su gobierno busca un plan integral conjunto con Estados Unidos para estimular el crecimiento econ\u00f3mico de Am\u00e9rica del norte y el resto de la regi\u00f3n.\n   Representantes de M\u00e9xico y Estados Unidos acordaron retomar en septiembre pr\u00f3ximo el Di\u00e1logo Econ\u00f3mico de Alto Nivel, que incluya tambi\u00e9n aspectos de apoyo social que puedan ampliarse a Centroam\u00e9rica.\n   \"Hay buenas relaciones, se est\u00e1 haciendo el llamado a que se abra la frontera. Ellos (Estados Unidos) est\u00e1n en ese tenor, ellos est\u00e1n de acuerdo, sin embargo, vino esto del incremento de contagios de la nueva variante Delta y se est\u00e1 analizando\", dijo el mandatario.\n   M\u00e9xico y Estados Unidos acordaron desde marzo del 2020 restringir los accesos en su frontera com\u00fan ante el comienzo de la propagaci\u00f3n de la enfermedad del nuevo coronavirus (COVID-19).\n   La medida se ha extendido en forma mensual y restringe los viajes con fines tur\u00edsticos o de compras, sin afectar el tr\u00e1nsito del comercio o por otros motivos considerados esenciales, como el paso de mercanc\u00edas, as\u00ed como los cruces por trabajo o salud. <\/pre>\n","protected":false},"excerpt":{"rendered":"<p>diariodominicano.com MEXICO, 11 ago (Xinhua) &#8212; El presidente mexicano, Andr\u00e9s Manuel L\u00f3pez Obrador, dijo hoy mi\u00e9rcoles que extendi\u00f3 una invitaci\u00f3n a su hom\u00f3logo estadounidense, Joe Biden, para que visite M\u00e9xico a finales de septiembre de este a\u00f1o. \u00abHay esa posibilidad\u00bb, explic\u00f3 L\u00f3pez Obrador a periodistas durante su habitual rueda de prensa matutina en Palacio Nacional, [&hellip;]<\/p>\n","protected":false},"author":5,"featured_media":291995,"comment_status":"closed","ping_status":"","sticky":true,"template":"","format":"standard","meta":{"footnotes":""},"categories":[23,27],"tags":[],"class_list":["post-291994","post","type-post","status-publish","format-standard","has-post-thumbnail","hentry","category-internacional","category-portada"],"_links":{"self":[{"href":"https:\/\/diariodominicano.com\/index.php?rest_route=\/wp\/v2\/posts\/291994","targetHints":{"allow":["GET"]}}],"collection":[{"href":"https:\/\/diariodominicano.com\/index.php?rest_route=\/wp\/v2\/posts"}],"about":[{"href":"https:\/\/diariodominicano.com\/index.php?rest_route=\/wp\/v2\/types\/post"}],"author":[{"embeddable":true,"href":"https:\/\/diariodominicano.com\/index.php?rest_route=\/wp\/v2\/users\/5"}],"replies":[{"embeddable":true,"href":"https:\/\/diariodominicano.com\/index.php?rest_route=%2Fwp%2Fv2%2Fcomments&post=291994"}],"version-history":[{"count":1,"href":"https:\/\/diariodominicano.com\/index.php?rest_route=\/wp\/v2\/posts\/291994\/revisions"}],"predecessor-version":[{"id":291996,"href":"https:\/\/diariodominicano.com\/index.php?rest_route=\/wp\/v2\/posts\/291994\/revisions\/291996"}],"wp:featuredmedia":[{"embeddable":true,"href":"https:\/\/diariodominicano.com\/index.php?rest_route=\/wp\/v2\/media\/291995"}],"wp:attachment":[{"href":"https:\/\/diariodominicano.com\/index.php?rest_route=%2Fwp%2Fv2%2Fmedia&parent=291994"}],"wp:term":[{"taxonomy":"category","embeddable":true,"href":"https:\/\/diariodominicano.com\/index.php?rest_route=%2Fwp%2Fv2%2Fcategories&post=291994"},{"taxonomy":"post_tag","embeddable":true,"href":"https:\/\/diariodominicano.com\/index.php?rest_route=%2Fwp%2Fv2%2Ftags&post=291994"}],"curies":[{"name":"wp","href":"https:\/\/api.w.org\/{rel}","templated":true}]}}