{"id":291982,"date":"2021-08-11T13:42:56","date_gmt":"2021-08-11T17:42:56","guid":{"rendered":"http:\/\/diariodominicano.com\/?p=291982"},"modified":"2021-08-11T13:42:56","modified_gmt":"2021-08-11T17:42:56","slug":"la-institucionalidad-ha-logrado-fortalecerse-en-la-actual-gestion","status":"publish","type":"post","link":"https:\/\/diariodominicano.com\/?p=291982","title":{"rendered":"La institucionalidad ha logrado fortalecerse en la actual gesti\u00f3n"},"content":{"rendered":"\n<p>diariodominicano.com<\/p>\n\n\n\n<p>Santo Domingo, R. D., 11 de agosto, 2021.- Desde el inicio del gobierno del presidente Luis Abinader el fortalecimiento de la institucionalidad fue uno de sus principales objetivos, as\u00ed lo confirma el ministro Administrativo de la Presidencia, Jos\u00e9 Ignacio Paliza, quien destaca que las acciones del gobierno dirigidas a lograr este fortalecimiento han conquistas importantes hitos como la independencia de importantes organismos judiciales y electorales, y asegur\u00f3 que dicha independencia lleg\u00f3 para quedarse.<\/p>\n\n\n\n<p>El funcionario resalt\u00f3 el significado de que, en tan solo un a\u00f1o de gesti\u00f3n, existe independencia plena para la toma de decisiones del Tribunal Superior Electoral y la Junta Central Electoral. Tambi\u00e9n destac\u00f3 lo que esto representa en el marco de los procesos electorales de que ningunas de estas entidades est\u00e9n vinculadas al gobierno que le haya designado.<\/p>\n\n\n\n<p>En el \u00e1mbito judicial, Paliza manifest\u00f3 que la Rep\u00fablica Dominicana nunca hab\u00eda contado con una Procuradur\u00eda General de la Rep\u00fablica (PGR) que no tomara \u00f3rdenes del Poder Ejecutivo; adem\u00e1s, cit\u00f3 otros \u00f3rganos como la C\u00e1mara de Cuentas y Defensor\u00eda del Pueblo.<\/p>\n\n\n\n<p>\u201cNunca ha habido un apoyo a la institucionalidad m\u00e1s firme como el que ha impulsado el presidente Abinader en este a\u00f1o\u201d, afirm\u00f3.<\/p>\n\n\n\n<p>Consider\u00f3 que estas acciones simbolizan una conquista que impactar\u00e1 durante d\u00e9cadas a las generaciones venideras, adem\u00e1s, agreg\u00f3 que los cambios generados en esta direcci\u00f3n ser\u00e1n perdurables y que, por consiguiente, la sociedad no permitir\u00e1 sean extinguidos y tampoco que se retorne a los modelos del pasado.&nbsp;<\/p>\n\n\n\n<p>Por otro lado, en materia econ\u00f3mica, el ministro Paliza habl\u00f3 de los esfuerzos del gobierno para recuperar la econom\u00eda dominicana y expres\u00f3 que se vaticina un optimista relanzamiento.<\/p>\n\n\n\n<p>Asegur\u00f3 que actualmente el Banco Central de la Rep\u00fablica Dominicana cuenta con reservas en d\u00f3lares como nunca se hab\u00eda visto.<\/p>\n\n\n\n<p>El funcionario se expres\u00f3 en estos t\u00e9rminos al ser entrevistado en el programa matutino Uno + Uno, que se transmite por Teleantillas, canal 2.<\/p>\n\n\n\n<p>Fuente: Direcci\u00f3n de Prensa<\/p>\n\n\n\n<p>Presidencia de la Rep\u00fablica Dominicana<\/p>\n","protected":false},"excerpt":{"rendered":"<p>diariodominicano.com Santo Domingo, R. D., 11 de agosto, 2021.- Desde el inicio del gobierno del presidente Luis Abinader el fortalecimiento de la institucionalidad fue uno de sus principales objetivos, as\u00ed lo confirma el ministro Administrativo de la Presidencia, Jos\u00e9 Ignacio Paliza, quien destaca que las acciones del gobierno dirigidas a lograr este fortalecimiento han conquistas [&hellip;]<\/p>\n","protected":false},"author":5,"featured_media":291983,"comment_status":"closed","ping_status":"","sticky":true,"template":"","format":"standard","meta":{"footnotes":""},"categories":[20,27],"tags":[],"class_list":["post-291982","post","type-post","status-publish","format-standard","has-post-thumbnail","hentry","category-dominicana-hoy","category-portada"],"_links":{"self":[{"href":"https:\/\/diariodominicano.com\/index.php?rest_route=\/wp\/v2\/posts\/291982","targetHints":{"allow":["GET"]}}],"collection":[{"href":"https:\/\/diariodominicano.com\/index.php?rest_route=\/wp\/v2\/posts"}],"about":[{"href":"https:\/\/diariodominicano.com\/index.php?rest_route=\/wp\/v2\/types\/post"}],"author":[{"embeddable":true,"href":"https:\/\/diariodominicano.com\/index.php?rest_route=\/wp\/v2\/users\/5"}],"replies":[{"embeddable":true,"href":"https:\/\/diariodominicano.com\/index.php?rest_route=%2Fwp%2Fv2%2Fcomments&post=291982"}],"version-history":[{"count":1,"href":"https:\/\/diariodominicano.com\/index.php?rest_route=\/wp\/v2\/posts\/291982\/revisions"}],"predecessor-version":[{"id":291984,"href":"https:\/\/diariodominicano.com\/index.php?rest_route=\/wp\/v2\/posts\/291982\/revisions\/291984"}],"wp:featuredmedia":[{"embeddable":true,"href":"https:\/\/diariodominicano.com\/index.php?rest_route=\/wp\/v2\/media\/291983"}],"wp:attachment":[{"href":"https:\/\/diariodominicano.com\/index.php?rest_route=%2Fwp%2Fv2%2Fmedia&parent=291982"}],"wp:term":[{"taxonomy":"category","embeddable":true,"href":"https:\/\/diariodominicano.com\/index.php?rest_route=%2Fwp%2Fv2%2Fcategories&post=291982"},{"taxonomy":"post_tag","embeddable":true,"href":"https:\/\/diariodominicano.com\/index.php?rest_route=%2Fwp%2Fv2%2Ftags&post=291982"}],"curies":[{"name":"wp","href":"https:\/\/api.w.org\/{rel}","templated":true}]}}