{"id":291950,"date":"2021-08-11T12:04:04","date_gmt":"2021-08-11T16:04:04","guid":{"rendered":"http:\/\/diariodominicano.com\/?p=291950"},"modified":"2021-08-11T12:04:38","modified_gmt":"2021-08-11T16:04:38","slug":"multitud-ecuatorianos-en-queens-reconocen-liderazgo-concejal-dominicano","status":"publish","type":"post","link":"https:\/\/diariodominicano.com\/?p=291950","title":{"rendered":"Multitud ecuatorianos en Queens reconocen liderazgo concejal dominicano"},"content":{"rendered":"\n<p><strong>Por Ram\u00f3n Mercedes<\/strong><\/p>\n\n\n\n<p><strong>NUEVA YORK.-<\/strong>&nbsp;Al coordinador del movimiento \u201cLatinos con Eric Adams\u201d en esta ciudad, el concejal dominicano Ydanis Rodr\u00edguez, le fue reconocido su liderazgo dentro de la comunidad hispana por una multitud de ecuatorianos, durante el \u201cFestival Orgullo Ecuatoriano\u201d celebrado el pasado domingo en Queens.<\/p>\n\n\n\n<p>Rodr\u00edguez, despu\u00e9s de participar y compartir con su comunidad quisqueyana durante el \u201cDesfile Dominicano de Manhattan\u201d, efectuado tambi\u00e9n este domingo, se dirigi\u00f3 al \u201cFestival Ecuatoriano\u201d atendiendo a una invitaci\u00f3n de sus directivos.<\/p>\n\n\n\n<p>En un documento que hicieran llegar a este reportero habitantes procedentes del pa\u00eds sudamericano y participaran en el evento, sostienen que el concejal Rodr\u00edguez ha sabido bien representarlos pol\u00edticamente ante el pr\u00f3ximo alcalde dem\u00f3crata de esta ciudad, Eric Adams.<\/p>\n\n\n\n<p>El movimiento que coordina el dominicano, compuesto por profesionales, empresarios, oficiales electos, comunitarios, comerciantes, bodegueros, empleados p\u00fablicos y privados, taxistas y amas de casas, entre otros, ha jugado un papel fundamental al integrar miles de hispanos y entre ellos nos encontramos los ecuatorianos, indican.<\/p>\n\n\n\n<p>Asimismo, valoraron que, por su trabajo pol\u00edtico, junto a la comunidad latina, el propio candidato a la alcald\u00eda haya afirmado que su triunfo se lo debe al voto hispano, y cuando se convierta en alcalde las agencias estar\u00e1n representadas en los residentes de cada vecindario.<\/p>\n\n\n\n<p>Rodr\u00edguez, junto a los l\u00edderes hispanos Adriano Espaillat y Rub\u00e9n D\u00edaz Jr., congresista y presidente del condado de El Bronx, entre a otros, se han destacado en apoyar a Adams <\/p>\n\n\n\n<figure class=\"wp-block-embed is-type-video is-provider-youtube wp-block-embed-youtube wp-embed-aspect-16-9 wp-has-aspect-ratio\"><div class=\"wp-block-embed__wrapper\">\n<iframe loading=\"lazy\" title=\"&quot;Hispanos en Queens reconocen liderazgo Ydanis Rodr\u00edguez&quot;\" width=\"616\" height=\"347\" src=\"https:\/\/www.youtube.com\/embed\/6vyqibn6h5k?feature=oembed\" frameborder=\"0\" allow=\"accelerometer; autoplay; clipboard-write; encrypted-media; gyroscope; picture-in-picture; web-share\" referrerpolicy=\"strict-origin-when-cross-origin\" allowfullscreen><\/iframe>\n<\/div><\/figure>\n","protected":false},"excerpt":{"rendered":"<p>Por Ram\u00f3n Mercedes NUEVA YORK.-&nbsp;Al coordinador del movimiento \u201cLatinos con Eric Adams\u201d en esta ciudad, el concejal dominicano Ydanis Rodr\u00edguez, le fue reconocido su liderazgo dentro de la comunidad hispana por una multitud de ecuatorianos, durante el \u201cFestival Orgullo Ecuatoriano\u201d celebrado el pasado domingo en Queens. Rodr\u00edguez, despu\u00e9s de participar y compartir con su comunidad [&hellip;]<\/p>\n","protected":false},"author":7,"featured_media":291958,"comment_status":"closed","ping_status":"","sticky":true,"template":"","format":"standard","meta":{"footnotes":""},"categories":[23,27],"tags":[],"class_list":["post-291950","post","type-post","status-publish","format-standard","has-post-thumbnail","hentry","category-internacional","category-portada"],"_links":{"self":[{"href":"https:\/\/diariodominicano.com\/index.php?rest_route=\/wp\/v2\/posts\/291950","targetHints":{"allow":["GET"]}}],"collection":[{"href":"https:\/\/diariodominicano.com\/index.php?rest_route=\/wp\/v2\/posts"}],"about":[{"href":"https:\/\/diariodominicano.com\/index.php?rest_route=\/wp\/v2\/types\/post"}],"author":[{"embeddable":true,"href":"https:\/\/diariodominicano.com\/index.php?rest_route=\/wp\/v2\/users\/7"}],"replies":[{"embeddable":true,"href":"https:\/\/diariodominicano.com\/index.php?rest_route=%2Fwp%2Fv2%2Fcomments&post=291950"}],"version-history":[{"count":1,"href":"https:\/\/diariodominicano.com\/index.php?rest_route=\/wp\/v2\/posts\/291950\/revisions"}],"predecessor-version":[{"id":291960,"href":"https:\/\/diariodominicano.com\/index.php?rest_route=\/wp\/v2\/posts\/291950\/revisions\/291960"}],"wp:featuredmedia":[{"embeddable":true,"href":"https:\/\/diariodominicano.com\/index.php?rest_route=\/wp\/v2\/media\/291958"}],"wp:attachment":[{"href":"https:\/\/diariodominicano.com\/index.php?rest_route=%2Fwp%2Fv2%2Fmedia&parent=291950"}],"wp:term":[{"taxonomy":"category","embeddable":true,"href":"https:\/\/diariodominicano.com\/index.php?rest_route=%2Fwp%2Fv2%2Fcategories&post=291950"},{"taxonomy":"post_tag","embeddable":true,"href":"https:\/\/diariodominicano.com\/index.php?rest_route=%2Fwp%2Fv2%2Ftags&post=291950"}],"curies":[{"name":"wp","href":"https:\/\/api.w.org\/{rel}","templated":true}]}}