{"id":291913,"date":"2022-07-20T23:20:51","date_gmt":"2022-07-21T03:20:51","guid":{"rendered":"http:\/\/diariodominicano.com\/?p=291913"},"modified":"2022-07-21T09:26:08","modified_gmt":"2022-07-21T13:26:08","slug":"juan-pablo-duarte-y-dos-companeros-llegan-a-vieques-puerto-rico-2","status":"publish","type":"post","link":"https:\/\/diariodominicano.com\/?p=291913","title":{"rendered":"Juan Pablo Duarte y dos compa\u00f1eros llegan a Vieques, Puerto Rico"},"content":{"rendered":"\n<p>iariodominicano.com<br>Juan Pablo Duarte hab\u00eda sido calificado por el Gobierno de Hait\u00ed como \u00abEl Jefe de la revoluci\u00f3n\u00bb, al recibir informes del movimiento independentista que lideraba Duarte, quien fund\u00f3 con ese prop\u00f3sito el 16 de julio de 1838, la Sociedad Secreta La Trinitaria.<\/p>\n\n\n\n<p>Por H\u00e9ctor Tineo Nolasco<br>SANTO DOMINGO, el 10 de agosto de 1843, Juan Pablo Duarte, y sus compa\u00f1eros de La Trinitaria, Juan Isidro P\u00e9rez y Pedro Alejandro Pina, llegaron a la isla de Vieques, Puerto Rico.<\/p>\n\n\n\n<p>Los tres salieron al exilio el 2 de agosto de 1843 para evadir la persecuci\u00f3n del Gobierno haitiano.<\/p>\n\n\n\n<p>Juan Pablo Duarte hab\u00eda sido calificado por el Gobierno de Hait\u00ed como \u00abEl Jefe de la revoluci\u00f3n\u00bb, al recibir informes del movimiento independentista que lideraba Duarte, quien fund\u00f3 con ese prop\u00f3sito el 16 de julio de 1838, la Sociedad Secreta La Trinitaria.<\/p>\n\n\n\n<p>El Gobierno haitiano tambi\u00e9n ofrec\u00eda a la persona que ayudara a localizar a Duarte, tres mil pesos y la charretera de Coronel.<\/p>\n\n\n\n<p>Rosa Duarte, en \u00abApuntes para la Historia de la Isla de Santo Domingo\u00bb, anota que Juan Pablo Duarte, Pedro Alejandrino Pina y Juan Isidro P\u00e9rez, iniciaron el viaje a las 8 de la noche del d\u00eda 2 de agosto de 1843, cuando abordaron un bote en el r\u00edo Ozama para llegar a las afueras del Puerto de Santo Domingo, donde abordaron un buque que los transport\u00f3 a Venezuela.<\/p>\n\n\n\n<p>Resalta que Duarte y sus compa\u00f1eros iban muy tristes por la situaci\u00f3n \u00abdesgraciada de su patria, por la suerte de sus padres, hermanos y amigos y por no haber sido posible salvar con ellos al mejor de sus amigos, al m\u00e1s acendrado patriota, Francisco del Rosario S\u00e1nchez que dejaban a las puertas del sepulcro\u00bb.<\/p>\n\n\n\n<p>Francisco del Rosario S\u00e1nchez en la ocasi\u00f3n hab\u00eda permanecido en cama durante los \u00faltimos d\u00edas.<\/p>\n\n\n\n<p>Rosa Duarte precisa que Duarte y sus compa\u00f1eros abordaron el buque a las 10 de la noche; y en el momento \u00abel viento era muy escaso\u2026\u00bb.<\/p>\n\n\n\n<p>Precisa que el d\u00eda 10 de agosto los tres trinitarios desembarcaron en la isla de Vieques, en Puerto Rico.<\/p>\n\n\n\n<p>Juan Pablo Duarte y sus compa\u00f1eros se encontraban en el exilio cuando fue proclamada la Rep\u00fablica el 27 de febrero de 1844. Regresaron el d\u00eda 14 de marzo de ese a\u00f1o.<\/p>\n\n\n\n<p>El 30 de julio de 1843, el l\u00edder de la Trinitaria, Juan Pablo Duarte tom\u00f3 la decisi\u00f3n de salir del pa\u00eds para evitar ser detenido por el Gobierno haitiano.<\/p>\n\n\n\n<p>El 30 de julio de 1843, Juan Pablo Duarte, Pedro Alejandrino Pina y Juan Isidro P\u00e9rez, se trasladaron a Pajarito, (hoy Villa Duarte) en la zona oriental y se refugiaron en la residencia del ciudadano espa\u00f1ol Pascual C. L\u00f3pez.<\/p>\n\n\n\n<p>El 30 de julio de 1843, Juan Pablo Duarte y Pedro Alejandrino Pina visitaron la residencia de Juan Alejandro Acosta y trataron sobre la forma en que saldr\u00edan de la ciudad de Santo Domingo, para escapar a la persecuci\u00f3n del Gobierno haitiano.<\/p>\n\n\n\n<p>El 29 de julio de 1843, Juan Pablo Duarte y Pedro Alejandrino Pina, se refugiaron en la residencia de Jos\u00e9 Botello, en la ciudad de Santo Domingo.<\/p>\n\n\n\n<p>Juan Pablo Duarte y los dem\u00e1s miembros de La Trinitaria, eran perseguidos por el Gobierno haitiano, porque ten\u00eda informes de que realizaban actividades para separarse de Hait\u00ed y fundar una naci\u00f3n libre y soberana.<\/p>\n\n\n\n<p>Rosa Duarte, en \u00abApuntes para la Historia de la isla de Santo Domingo\u00bb, anota que el d\u00eda 29 de julio de 1843, Duarte y Pedro Alejandrino Pina lo pasaron en la residencia del se\u00f1or Jos\u00e9 Botello, \u00abbastante amargamente\u00bb.<\/p>\n\n\n\n<p>El Gobierno haitiano inici\u00f3 la ocupaci\u00f3n de la parte oriental de la Isla de Santo Domingo, el d\u00eda 8 de febrero de 1822, cuando el Presidente haitiano Jean Pierre Boyer, recibi\u00f3 las llaves de la ciudad de manos del licenciado Jos\u00e9 N\u00fa\u00f1ez de C\u00e1ceres.<\/p>\n\n\n\n<p>Durante el mes de julio de 1843, las fuerzas militares del Gobierno haitiano intensificaron la persecuci\u00f3n contra los trinitarios.<\/p>\n\n\n\n<p>El d\u00eda 24 de julio de 1843, la residencia de la familia de Juan Pablo Duarte y la de su t\u00edo Jos\u00e9 D\u00edez, fueron allanadas por militares haitianos que trataban de localizar al l\u00edder trinitario.<\/p>\n\n\n\n<p>Ese d\u00eda Duarte y varios de sus compa\u00f1eros lograron escapar al saltar por patios de residencias vecinas hasta llegar a la casa de Teodoro Ariza.<\/p>\n\n\n\n<p>El partido independentista se encontraba en plena actividad desde el d\u00eda 16 de julio de 1838, cuando un grupo de j\u00f3venes liderados por Juan Pablo Duarte, fundaron en la ciudad de Santo Domingo, la Sociedad Secreta La Trinitaria, con el objetivo de fundar la Rep\u00fablica Dominicana.<\/p>\n\n\n\n<p>El entusiasmo de Duarte estimul\u00f3 a los j\u00f3venes de su generaci\u00f3n, lo que le permiti\u00f3 fundar el 16 de julio de 1838, la Sociedad Secreta La Trinitaria, en una reuni\u00f3n que celebraron en la residencia de la se\u00f1ora Josefa P\u00e9rez.<\/p>\n\n\n\n<p>Junto a Juan Pablo Duarte fundaron La Trinitaria, Juan Isidro P\u00e9rez, Pedro Alejandrino Pina, Felix Mar\u00eda Ru\u00edz, Benito Gonz\u00e1lez, Juan Nepomuceno Ravelo, Felipe Alfau, Jos\u00e9 Mar\u00eda Serra y Jacinto de la Concha.<\/p>\n\n\n\n<p>El d\u00eda de la fundaci\u00f3n de La Trinitaria, el d\u00eda 16 de julio de 1838, asumieron el compromiso de crear una naci\u00f3n libre y soberana en la parte oriental de la isla de Santo Domingo <\/p>\n","protected":false},"excerpt":{"rendered":"<p>iariodominicano.comJuan Pablo Duarte hab\u00eda sido calificado por el Gobierno de Hait\u00ed como \u00abEl Jefe de la revoluci\u00f3n\u00bb, al recibir informes del movimiento independentista que lideraba Duarte, quien fund\u00f3 con ese prop\u00f3sito el 16 de julio de 1838, la Sociedad Secreta La Trinitaria. Por H\u00e9ctor Tineo NolascoSANTO DOMINGO, el 10 de agosto de 1843, Juan Pablo [&hellip;]<\/p>\n","protected":false},"author":7,"featured_media":0,"comment_status":"closed","ping_status":"","sticky":false,"template":"","format":"standard","meta":{"footnotes":""},"categories":[26],"tags":[],"class_list":["post-291913","post","type-post","status-publish","format-standard","hentry","category-efemerides"],"_links":{"self":[{"href":"https:\/\/diariodominicano.com\/index.php?rest_route=\/wp\/v2\/posts\/291913","targetHints":{"allow":["GET"]}}],"collection":[{"href":"https:\/\/diariodominicano.com\/index.php?rest_route=\/wp\/v2\/posts"}],"about":[{"href":"https:\/\/diariodominicano.com\/index.php?rest_route=\/wp\/v2\/types\/post"}],"author":[{"embeddable":true,"href":"https:\/\/diariodominicano.com\/index.php?rest_route=\/wp\/v2\/users\/7"}],"replies":[{"embeddable":true,"href":"https:\/\/diariodominicano.com\/index.php?rest_route=%2Fwp%2Fv2%2Fcomments&post=291913"}],"version-history":[{"count":1,"href":"https:\/\/diariodominicano.com\/index.php?rest_route=\/wp\/v2\/posts\/291913\/revisions"}],"predecessor-version":[{"id":370296,"href":"https:\/\/diariodominicano.com\/index.php?rest_route=\/wp\/v2\/posts\/291913\/revisions\/370296"}],"wp:attachment":[{"href":"https:\/\/diariodominicano.com\/index.php?rest_route=%2Fwp%2Fv2%2Fmedia&parent=291913"}],"wp:term":[{"taxonomy":"category","embeddable":true,"href":"https:\/\/diariodominicano.com\/index.php?rest_route=%2Fwp%2Fv2%2Fcategories&post=291913"},{"taxonomy":"post_tag","embeddable":true,"href":"https:\/\/diariodominicano.com\/index.php?rest_route=%2Fwp%2Fv2%2Ftags&post=291913"}],"curies":[{"name":"wp","href":"https:\/\/api.w.org\/{rel}","templated":true}]}}