{"id":291876,"date":"2021-08-10T22:46:41","date_gmt":"2021-08-11T02:46:41","guid":{"rendered":"http:\/\/diariodominicano.com\/?p=291876"},"modified":"2021-08-10T22:46:41","modified_gmt":"2021-08-11T02:46:41","slug":"nicolas-maduro-condecora-a-atletas-venezolanos-de-tokio-2020","status":"publish","type":"post","link":"https:\/\/diariodominicano.com\/?p=291876","title":{"rendered":"Nicol\u00e1s Maduro condecora a atletas venezolanos de Tokio 2020"},"content":{"rendered":"\n<h3 class=\"wp-block-heading\">diariodominicano.com<a rel=\"noreferrer noopener\" href=\"http:\/\/home.xinhua-news.com\/gdsdetailxhs\/share\/9817731-?pageflag=iframe\" target=\"_blank\"><\/a><\/h3>\n\n\n\n<pre id=\"text-news-description\" class=\"wp-block-preformatted\">   CARACAS, 10 ago (Xinhua) -- El presidente de Venezuela, Nicol\u00e1s Maduro, condecor\u00f3 hoy, en el Palacio de Miraflores, a los atletas ol\u00edmpicos que participaron en los Juegos Ol\u00edmpicos de Tokio, tras su regreso al pa\u00eds.\n   Los subcampeones en la disciplina de halterofilia Julio Mayora y Keydomar Vallenilla recibieron la Orden Francisco de Miranda, en su primera clase, por su destacada labor en Tokio 2020.\n   Mayora y Vallenilla se colgaron las medallas de plata en los 73 kilogramos y 96 kilogramos, respectivamente.\n   \"Saludo a todo el pueblo de Venezuela, al recibimiento que nos hizo el pueblo de Venezuela, en el Aeropuerto Internacional de Maiquet\u00eda, a toda las delegaciones, nos sentimos sumamente contentos, agradecidos por todo el apoyo\", declar\u00f3 Mayora tras su reconocimiento.\n   Vallenilla, en tanto, destac\u00f3 el esfuerzo de cada uno de los deportistas, entrenadores e instituciones deportivas de la naci\u00f3n. \"Queremos dar gracias, a todos, por el apoyo\", agreg\u00f3.\n   Yulimar Rojas, campeona en triple salto, y el subcampe\u00f3n en BMX park estilo libre, Daniel Dhers, estuvieron ausentes en el evento presidencial debido a compromisos internacionales.\n   El presidente Maduro, en tanto, felicit\u00f3 a la delegaci\u00f3n y resalt\u00f3 que pese a la pandemia, las medidas de sanciones y bloqueos, que obstaculizaron la ruta a Tokio, Venezuela obtuvo la mejor actuaci\u00f3n.\n   \"A pesar de la pandemia, a pesar de las sanciones y a pesar de esos pesares, llegaron a Tokio, compitieron y vienen con el mejor resultado de la historia de Venezuela en los Juegos Ol\u00edmpicos\", expres\u00f3.\n   Asimismo, asegur\u00f3 que desde ya eval\u00faa el plan de la Ruta Ol\u00edmpica y Paral\u00edmpica Par\u00eds 2024, presentado por el ministro para el Deporte Mervin Maldonado.<\/pre>\n","protected":false},"excerpt":{"rendered":"<p>diariodominicano.com CARACAS, 10 ago (Xinhua) &#8212; El presidente de Venezuela, Nicol\u00e1s Maduro, condecor\u00f3 hoy, en el Palacio de Miraflores, a los atletas ol\u00edmpicos que participaron en los Juegos Ol\u00edmpicos de Tokio, tras su regreso al pa\u00eds. Los subcampeones en la disciplina de halterofilia Julio Mayora y Keydomar Vallenilla recibieron la Orden Francisco de Miranda, en [&hellip;]<\/p>\n","protected":false},"author":5,"featured_media":291877,"comment_status":"closed","ping_status":"","sticky":true,"template":"","format":"standard","meta":{"footnotes":""},"categories":[23,27],"tags":[],"class_list":["post-291876","post","type-post","status-publish","format-standard","has-post-thumbnail","hentry","category-internacional","category-portada"],"_links":{"self":[{"href":"https:\/\/diariodominicano.com\/index.php?rest_route=\/wp\/v2\/posts\/291876","targetHints":{"allow":["GET"]}}],"collection":[{"href":"https:\/\/diariodominicano.com\/index.php?rest_route=\/wp\/v2\/posts"}],"about":[{"href":"https:\/\/diariodominicano.com\/index.php?rest_route=\/wp\/v2\/types\/post"}],"author":[{"embeddable":true,"href":"https:\/\/diariodominicano.com\/index.php?rest_route=\/wp\/v2\/users\/5"}],"replies":[{"embeddable":true,"href":"https:\/\/diariodominicano.com\/index.php?rest_route=%2Fwp%2Fv2%2Fcomments&post=291876"}],"version-history":[{"count":1,"href":"https:\/\/diariodominicano.com\/index.php?rest_route=\/wp\/v2\/posts\/291876\/revisions"}],"predecessor-version":[{"id":291878,"href":"https:\/\/diariodominicano.com\/index.php?rest_route=\/wp\/v2\/posts\/291876\/revisions\/291878"}],"wp:featuredmedia":[{"embeddable":true,"href":"https:\/\/diariodominicano.com\/index.php?rest_route=\/wp\/v2\/media\/291877"}],"wp:attachment":[{"href":"https:\/\/diariodominicano.com\/index.php?rest_route=%2Fwp%2Fv2%2Fmedia&parent=291876"}],"wp:term":[{"taxonomy":"category","embeddable":true,"href":"https:\/\/diariodominicano.com\/index.php?rest_route=%2Fwp%2Fv2%2Fcategories&post=291876"},{"taxonomy":"post_tag","embeddable":true,"href":"https:\/\/diariodominicano.com\/index.php?rest_route=%2Fwp%2Fv2%2Ftags&post=291876"}],"curies":[{"name":"wp","href":"https:\/\/api.w.org\/{rel}","templated":true}]}}