{"id":291873,"date":"2021-08-10T22:37:57","date_gmt":"2021-08-11T02:37:57","guid":{"rendered":"http:\/\/diariodominicano.com\/?p=291873"},"modified":"2021-08-10T22:37:57","modified_gmt":"2021-08-11T02:37:57","slug":"presidente-abinader-a-los-productores-de-cerdo-tienen-un-gobierno-apoyandolos-con-esta-situacion","status":"publish","type":"post","link":"https:\/\/diariodominicano.com\/?p=291873","title":{"rendered":"Presidente Abinader a los productores de cerdo: \u00abTienen un gobierno apoy\u00e1ndolos con esta situaci\u00f3n\u201d"},"content":{"rendered":"\n<p>diariodominicano.com<\/p>\n\n\n\n<p>Santo Domingo, R. D., 10 de agosto, 2021.\u2013\u00a0Durante un encuentro con representantes del sector porcino, organizado por la Junta Agroempresarial Dominicana (JAD), el mandatario inform\u00f3 que ya tienen presupuestado los fondos para atender las necesidades de los productores de cerdos y enfrentar la crisis desatada en este sector.<\/p>\n\n\n\n<p>\u00abTienen un gobierno&nbsp;que est\u00e1&nbsp;d\u00eda a d\u00eda apoy\u00e1ndolos con esta situaci\u00f3n\u00bb, fueron las palabras del presidente Luis&nbsp;Abinader&nbsp;al tiempo de anunciar que el gobierno pagar\u00e1 39 millones de pesos para evitar la quiebra de productores de cerdos que enfrentan la peste&nbsp;porcina detectada en algunas granjas del pa\u00eds.&nbsp;<\/p>\n\n\n\n<p>\u00abAqu\u00ed hay un gobierno que va a trabajar para que haya cerdo en cualquier momento, siempre habr\u00e1 abastecimiento\u00bb, asegur\u00f3 el mandatario.&nbsp;<\/p>\n\n\n\n<p>Agreg\u00f3 que otras medidas que ser\u00e1n adoptadas es la compra y pignoraci\u00f3n de cerdos, para lo cual ya el gobierno tiene frigor\u00edficos especiales para evitar que los productos se vean afectados por la peste porcina.&nbsp;<\/p>\n\n\n\n<p><strong>Erradicar la enfermedad y repoblar las granjas&nbsp;<\/strong><\/p>\n\n\n\n<p>De su lado, el presidente ejecutivo de la Junta Agroempresarial Dominicana (JAD), Osmar Ben\u00edtez, reconoci\u00f3 el trabajo que realizan las autoridades del sector agropecuario para hacer frente a la situaci\u00f3n.&nbsp;<\/p>\n\n\n\n<p>\u00abPor la importancia econ\u00f3mica y social que tiene la producci\u00f3n de cerdos, el pa\u00eds entero debe sumarse a los esfuerzos del Gobierno,&nbsp;para enfrentar con \u00e9xito este desaf\u00edo:&nbsp;erradicar la enfermedad y repoblar las granjas de nuestros productores\u00bb, precis\u00f3.&nbsp;<\/p>\n\n\n\n<p>Inform\u00f3 que los empleos directos generados en la producci\u00f3n porcina son&nbsp;alrededor de 50,800. Mientras que&nbsp;el valor comercial&nbsp;de la producci\u00f3n nacional&nbsp;de cerdo asciende a unos 14 mil 400 millones de pesos anuales, seg\u00fan los&nbsp;precios&nbsp;de mercadolocal.&nbsp;<\/p>\n\n\n\n<p>\u00abInmediatamente fue detectado el virus de la Peste Porcina Africana en el territorio nacional, su equipo agropecuario, encabezado por el ministro de Agricultura,&nbsp;Limber&nbsp;Cruz, ha aplicado el protocolo para el programa de erradicaci\u00f3n de la enfermedad, seg\u00fan lo dicta la Organizaci\u00f3n Internacional de Sanidad Animal (OIE)\u00bb, expres\u00f3.&nbsp;<\/p>\n\n\n\n<p>Ben\u00edtez explic\u00f3 que en cuanto a&nbsp;las inversiones en infraestructura, equipos y manejo de desechos s\u00f3lidos utilizando biodigestores, la inversi\u00f3n supera los 20 mil millones de pesos.&nbsp;<\/p>\n\n\n\n<p>Agreg\u00f3 que el 70% de la producci\u00f3n nacional de cerdos se genera en casi 400 granjas modernas, con la m\u00e1s alta tecnolog\u00eda que se pueda encontrar en cualquier pa\u00eds desarrollado.&nbsp;<\/p>\n\n\n\n<p>\u00abEn nuestro pa\u00eds&nbsp;estas granjas siguen el m\u00e1s estricto protocolo de bioseguridad establecido por las autoridades dominicanas y por la Organizaci\u00f3n Internacional de Sanidad Animal (OIE)\u00bb, asegur\u00f3.&nbsp;<\/p>\n\n\n\n<p>Indic\u00f3 tambi\u00e9n que el pa\u00eds tiene&nbsp;unos 20 mil peque\u00f1os productores con tecnolog\u00eda de menor intensidad que producen el 30% de la oferta nacional de cerdos.<\/p>\n\n\n\n<p><strong>Es tiempo de trabajo conjunto<\/strong><\/p>\n\n\n\n<p>En tanto que, el presidente del Consejo de directores de la JAD, Luis Bonilla, dijo que el sector porcino&nbsp;vive un enorme desaf\u00edo que debe ser enfrentado por todos los sectores para erradicarlo.<\/p>\n\n\n\n<p>\u00abEs tiempo de unidad, es tiempo de trabajo conjunto, es tiempo de que la sociedad entera aunemos esfuerzos para superar con \u00e9xito la Fiebre Porcina Africana\u00bb, recomend\u00f3.&nbsp;<\/p>\n\n\n\n<p>Asimismo, el presidente de la Federaci\u00f3n de Porcicultores, Israel Brito, agradeci\u00f3 el esfuerzo que realiza el presidente&nbsp;Abinader&nbsp;y el equipo agropecuario en favor del gremio que preside.&nbsp;<\/p>\n\n\n\n<p>Brito expres\u00f3 que tienen la esperanza que las autoridades y porcicultores saldr\u00e1n adelante juntos de la problem\u00e1tica de la fiebre porcina.&nbsp;<\/p>\n\n\n\n<p>\u201cEstamos preparados a echar la batalla, a seguir brindando carne de excelente calidad como hasta ahora lo hemos hecho, porque tenemos la gen\u00e9tica y las instalaciones necesarias\u201d, manifest\u00f3.<\/p>\n\n\n\n<p>En el encuentro participaron, el ministro de Agricultura,\u00a0LimberCruz; el director del Instituto Nacional de Estabilizaci\u00f3n de Precios (INESPRE),\u00a0Ivan\u00a0Hern\u00e1ndez; el director del Instituto Agrario Dominicano (IAD),\u00a0Danilo del Rosario; el presidente de\u00a0Adogranja, Luis\u00a0Brache;\u00a0el administrador del Banco Agr\u00edcola,Fernando Dur\u00e1n; el asesor porcino del Poder Ejecutivo,Fernando Fern\u00e1ndez y el productor, Andr\u00e9s Bautista.<\/p>\n\n\n\n<p>Fuente:  Direcci\u00f3n de Prensa<\/p>\n\n\n\n<p>Presidencia de la Rep\u00fablica Dominicana<\/p>\n","protected":false},"excerpt":{"rendered":"<p>diariodominicano.com Santo Domingo, R. D., 10 de agosto, 2021.\u2013\u00a0Durante un encuentro con representantes del sector porcino, organizado por la Junta Agroempresarial Dominicana (JAD), el mandatario inform\u00f3 que ya tienen presupuestado los fondos para atender las necesidades de los productores de cerdos y enfrentar la crisis desatada en este sector. \u00abTienen un gobierno&nbsp;que est\u00e1&nbsp;d\u00eda a d\u00eda [&hellip;]<\/p>\n","protected":false},"author":5,"featured_media":291874,"comment_status":"closed","ping_status":"","sticky":true,"template":"","format":"standard","meta":{"footnotes":""},"categories":[20,27],"tags":[],"class_list":["post-291873","post","type-post","status-publish","format-standard","has-post-thumbnail","hentry","category-dominicana-hoy","category-portada"],"_links":{"self":[{"href":"https:\/\/diariodominicano.com\/index.php?rest_route=\/wp\/v2\/posts\/291873","targetHints":{"allow":["GET"]}}],"collection":[{"href":"https:\/\/diariodominicano.com\/index.php?rest_route=\/wp\/v2\/posts"}],"about":[{"href":"https:\/\/diariodominicano.com\/index.php?rest_route=\/wp\/v2\/types\/post"}],"author":[{"embeddable":true,"href":"https:\/\/diariodominicano.com\/index.php?rest_route=\/wp\/v2\/users\/5"}],"replies":[{"embeddable":true,"href":"https:\/\/diariodominicano.com\/index.php?rest_route=%2Fwp%2Fv2%2Fcomments&post=291873"}],"version-history":[{"count":1,"href":"https:\/\/diariodominicano.com\/index.php?rest_route=\/wp\/v2\/posts\/291873\/revisions"}],"predecessor-version":[{"id":291875,"href":"https:\/\/diariodominicano.com\/index.php?rest_route=\/wp\/v2\/posts\/291873\/revisions\/291875"}],"wp:featuredmedia":[{"embeddable":true,"href":"https:\/\/diariodominicano.com\/index.php?rest_route=\/wp\/v2\/media\/291874"}],"wp:attachment":[{"href":"https:\/\/diariodominicano.com\/index.php?rest_route=%2Fwp%2Fv2%2Fmedia&parent=291873"}],"wp:term":[{"taxonomy":"category","embeddable":true,"href":"https:\/\/diariodominicano.com\/index.php?rest_route=%2Fwp%2Fv2%2Fcategories&post=291873"},{"taxonomy":"post_tag","embeddable":true,"href":"https:\/\/diariodominicano.com\/index.php?rest_route=%2Fwp%2Fv2%2Ftags&post=291873"}],"curies":[{"name":"wp","href":"https:\/\/api.w.org\/{rel}","templated":true}]}}