{"id":291855,"date":"2021-08-10T23:25:09","date_gmt":"2021-08-11T03:25:09","guid":{"rendered":"http:\/\/diariodominicano.com\/?p=291855"},"modified":"2021-08-11T00:05:24","modified_gmt":"2021-08-11T04:05:24","slug":"rosalia-me-encanta-tokischa-y-anhelo-grabar-con-haraca-kiko","status":"publish","type":"post","link":"https:\/\/diariodominicano.com\/?p=291855","title":{"rendered":"Rosal\u00eda: \u2018me encanta Tokischa y anhelo grabar con Haraca Kiko\u2019"},"content":{"rendered":"\n<p>En una entrevista exclusiva para Alofoke Sin Censura, la cantante Rosal\u00eda habl\u00f3 de todo con Santiago Mat\u00edas, resaltando lo fascinada que est\u00e1 por la Rep\u00fablica Dominicana y por el talento de algunos int\u00e9rpretes urbanos del pa\u00eds.<\/p>\n\n\n\n<p>Las influencias musicales de la popular cantante espa\u00f1ola van desde Amy&nbsp; Winehouse, pasando por Juan Luis Guerra, y m\u00e1s recientemente Tokischa y Haraca Kiko.<\/p>\n\n\n\n<p>\u2018\u2019Me sorprende la voz de Tokischa, su voz corta en la instrumental, ella es especial, yo veo mucho en ella, manifest\u00f3 Rosal\u00eda. Mientras que, sobre Haraca Kiko simplemente anhela grabar con \u00e9l, desde que lo escuch\u00f3 la primera vez a trav\u00e9s de la aplicaci\u00f3n Tick Tock qued\u00f3 enganchada con su estilo musical.\u00a0 Sobre el dembow coment\u00f3 que le gusta mucho, siendo una realidad musical que hay que disfrutar, considerando que est\u00e1 en su mejor momento <\/p>\n\n\n\n<div class=\"wp-block-jetpack-slideshow aligncenter\" data-effect=\"slide\"><div class=\"wp-block-jetpack-slideshow_container swiper-container\"><ul class=\"wp-block-jetpack-slideshow_swiper-wrapper swiper-wrapper\"><li class=\"wp-block-jetpack-slideshow_slide swiper-slide\"><figure><img loading=\"lazy\" decoding=\"async\" width=\"1024\" height=\"526\" alt=\"\" class=\"wp-block-jetpack-slideshow_image wp-image-291897\" data-id=\"291897\" src=\"https:\/\/diariodominicano.com\/wp-content\/uploads\/2021\/08\/Academia-Dominicana-de-la-Historia-1-1024x526.jpg\" srcset=\"https:\/\/diariodominicano.com\/wp-content\/uploads\/2021\/08\/Academia-Dominicana-de-la-Historia-1-1024x526.jpg 1024w, https:\/\/diariodominicano.com\/wp-content\/uploads\/2021\/08\/Academia-Dominicana-de-la-Historia-1-300x154.jpg 300w, https:\/\/diariodominicano.com\/wp-content\/uploads\/2021\/08\/Academia-Dominicana-de-la-Historia-1-768x395.jpg 768w, https:\/\/diariodominicano.com\/wp-content\/uploads\/2021\/08\/Academia-Dominicana-de-la-Historia-1-1536x789.jpg 1536w, https:\/\/diariodominicano.com\/wp-content\/uploads\/2021\/08\/Academia-Dominicana-de-la-Historia-1-2048x1052.jpg 2048w, https:\/\/diariodominicano.com\/wp-content\/uploads\/2021\/08\/Academia-Dominicana-de-la-Historia-1-816x419.jpg 816w\" sizes=\"auto, (max-width: 1024px) 100vw, 1024px\" \/><\/figure><\/li><li class=\"wp-block-jetpack-slideshow_slide swiper-slide\"><figure><img loading=\"lazy\" decoding=\"async\" width=\"1024\" height=\"564\" alt=\"\" class=\"wp-block-jetpack-slideshow_image wp-image-291898\" data-id=\"291898\" src=\"https:\/\/diariodominicano.com\/wp-content\/uploads\/2021\/08\/MDS_7838-7-1024x564.jpg\" srcset=\"https:\/\/diariodominicano.com\/wp-content\/uploads\/2021\/08\/MDS_7838-7-1024x564.jpg 1024w, https:\/\/diariodominicano.com\/wp-content\/uploads\/2021\/08\/MDS_7838-7-300x165.jpg 300w, https:\/\/diariodominicano.com\/wp-content\/uploads\/2021\/08\/MDS_7838-7-768x423.jpg 768w, https:\/\/diariodominicano.com\/wp-content\/uploads\/2021\/08\/MDS_7838-7-816x450.jpg 816w, https:\/\/diariodominicano.com\/wp-content\/uploads\/2021\/08\/MDS_7838-7.jpg 1080w\" sizes=\"auto, (max-width: 1024px) 100vw, 1024px\" \/><\/figure><\/li><li class=\"wp-block-jetpack-slideshow_slide swiper-slide\"><figure><img loading=\"lazy\" decoding=\"async\" width=\"1024\" height=\"578\" alt=\"\" class=\"wp-block-jetpack-slideshow_image wp-image-291899\" data-id=\"291899\" src=\"https:\/\/diariodominicano.com\/wp-content\/uploads\/2021\/08\/MDS_7842-5-2-1024x578.jpg\" srcset=\"https:\/\/diariodominicano.com\/wp-content\/uploads\/2021\/08\/MDS_7842-5-2-1024x578.jpg 1024w, https:\/\/diariodominicano.com\/wp-content\/uploads\/2021\/08\/MDS_7842-5-2-300x169.jpg 300w, https:\/\/diariodominicano.com\/wp-content\/uploads\/2021\/08\/MDS_7842-5-2-768x434.jpg 768w, https:\/\/diariodominicano.com\/wp-content\/uploads\/2021\/08\/MDS_7842-5-2-816x461.jpg 816w, https:\/\/diariodominicano.com\/wp-content\/uploads\/2021\/08\/MDS_7842-5-2.jpg 1080w\" sizes=\"auto, (max-width: 1024px) 100vw, 1024px\" \/><\/figure><\/li><li class=\"wp-block-jetpack-slideshow_slide swiper-slide\"><figure><img loading=\"lazy\" decoding=\"async\" width=\"732\" height=\"1024\" alt=\"\" class=\"wp-block-jetpack-slideshow_image wp-image-291900\" data-id=\"291900\" src=\"https:\/\/diariodominicano.com\/wp-content\/uploads\/2021\/08\/MDS_7912-4-2-732x1024.jpg\" srcset=\"https:\/\/diariodominicano.com\/wp-content\/uploads\/2021\/08\/MDS_7912-4-2-732x1024.jpg 732w, https:\/\/diariodominicano.com\/wp-content\/uploads\/2021\/08\/MDS_7912-4-2-214x300.jpg 214w, https:\/\/diariodominicano.com\/wp-content\/uploads\/2021\/08\/MDS_7912-4-2-768x1074.jpg 768w, https:\/\/diariodominicano.com\/wp-content\/uploads\/2021\/08\/MDS_7912-4-2.jpg 772w\" sizes=\"auto, (max-width: 732px) 100vw, 732px\" \/><\/figure><\/li><\/ul><a class=\"wp-block-jetpack-slideshow_button-prev swiper-button-prev swiper-button-white\" role=\"button\"><\/a><a class=\"wp-block-jetpack-slideshow_button-next swiper-button-next swiper-button-white\" role=\"button\"><\/a><a aria-label=\"Pause Slideshow\" class=\"wp-block-jetpack-slideshow_button-pause\" role=\"button\"><\/a><div class=\"wp-block-jetpack-slideshow_pagination swiper-pagination swiper-pagination-white\"><\/div><\/div><\/div>\n\n\n\n<p>Otros temas tratados fueron los relacionados a la importancia de estudiar m\u00fasica, ya que, se considera perfeccionista y los estudios musicales adquiridos en la universidad p\u00fablica de Barcelona la llevaron a ser una artista completa, siempre buscando lo mejor de ella como cantante, m\u00fasico y compositora.<\/p>\n\n\n\n<p>Durante los d\u00edas que ha paso en la Rep\u00fablica Dominicana manifiesta que se ha enamorado de este pa\u00eds, descubriendo su amor por los tostones, pollo guisado y sobre todo la alegr\u00eda y buena vibra de los dominicanos y dominicanas.<\/p>\n\n\n\n<p>&nbsp;\u2018\u2019Yo quiero pasar m\u00e1s tiempo en este pa\u00eds, faltan muchas cosas por vivir y ver, ustedes tienen buenos m\u00fasicos, el estilo de m\u00fasica, el baile, tienen mucho arte\u2019\u2019, indic\u00f3 la cantante quien asegur\u00f3 que m\u00e1s all\u00e1 del campo y la belleza natural de dominicana, le gustar\u00eda vivir en la capital, porque le gusta estar cerca de la gente y conocer m\u00e1s de las personas.<\/p>\n\n\n\n<p>Sobre el dinero:<\/p>\n\n\n\n<p>Manifiesta que no le da mucha importancia al dinero, asegurando que seguir\u00eda &nbsp;haciendo m\u00fasica aunque no gane mucho, aunque reconoce que el dinero es un medio para lograr cosas, para hacer proyectos grandes, y le gusta pensar a lo grande. Pero en lo personal es muy sencilla.<\/p>\n\n\n\n<p>Sobre el amor:&nbsp;<\/p>\n\n\n\n<p>Durante la entrevista dio a conocer que es muy detallista, por ende le gusta regalarle a su pareja, indicando que es en las peque\u00f1as cosas que est\u00e1n los grandes detalles. Asegura que no cree intimidar a los hombres, ya que, es la Rosal\u00eda de siempre, atenta y afable con todas las personas que est\u00e1n a su alrededor.<\/p>\n\n\n\n<p>Sobre la reci\u00e9n controversia de Tokischa:<\/p>\n\n\n\n<p>\u2018\u2019Cada pa\u00eds tiene sus leyes, vi la imagen que sali\u00f3 en las redes y la vi bonita, entend\u00ed su mensaje, es ella quien debe decir su significado, no yo, &nbsp;porque ella es la artista detr\u00e1s de lo sucedido\u2019\u2019, indic\u00f3.<\/p>\n\n\n\n<p>La cantante Rosal\u00eda est\u00e1 casi lista para lo que ser\u00e1 su nuevo disco, el cual tard\u00f3 m\u00e1s de dos a\u00f1os en preparar debido a que cree en la calidad de su m\u00fasica y canciones,&nbsp; por lo que se toma su tiempo para lograr el resultado que pr\u00f3ximamente escucharemos.<br>VIDEO:&nbsp;<a href=\"https:\/\/www.youtube.com\/watch?v=pihmCIbsgAI\" target=\"_blank\" rel=\"noreferrer noopener\">https:\/\/www.youtube.com\/watch?v=pihmCIbsgAI<\/a><\/p>\n","protected":false},"excerpt":{"rendered":"<p>En una entrevista exclusiva para Alofoke Sin Censura, la cantante Rosal\u00eda habl\u00f3 de todo con Santiago Mat\u00edas, resaltando lo fascinada que est\u00e1 por la Rep\u00fablica Dominicana y por el talento de algunos int\u00e9rpretes urbanos del pa\u00eds. Las influencias musicales de la popular cantante espa\u00f1ola van desde Amy&nbsp; Winehouse, pasando por Juan Luis Guerra, y m\u00e1s [&hellip;]<\/p>\n","protected":false},"author":7,"featured_media":291897,"comment_status":"closed","ping_status":"","sticky":true,"template":"","format":"standard","meta":{"footnotes":""},"categories":[25,27],"tags":[],"class_list":["post-291855","post","type-post","status-publish","format-standard","has-post-thumbnail","hentry","category-gente","category-portada"],"_links":{"self":[{"href":"https:\/\/diariodominicano.com\/index.php?rest_route=\/wp\/v2\/posts\/291855","targetHints":{"allow":["GET"]}}],"collection":[{"href":"https:\/\/diariodominicano.com\/index.php?rest_route=\/wp\/v2\/posts"}],"about":[{"href":"https:\/\/diariodominicano.com\/index.php?rest_route=\/wp\/v2\/types\/post"}],"author":[{"embeddable":true,"href":"https:\/\/diariodominicano.com\/index.php?rest_route=\/wp\/v2\/users\/7"}],"replies":[{"embeddable":true,"href":"https:\/\/diariodominicano.com\/index.php?rest_route=%2Fwp%2Fv2%2Fcomments&post=291855"}],"version-history":[{"count":3,"href":"https:\/\/diariodominicano.com\/index.php?rest_route=\/wp\/v2\/posts\/291855\/revisions"}],"predecessor-version":[{"id":291902,"href":"https:\/\/diariodominicano.com\/index.php?rest_route=\/wp\/v2\/posts\/291855\/revisions\/291902"}],"wp:featuredmedia":[{"embeddable":true,"href":"https:\/\/diariodominicano.com\/index.php?rest_route=\/wp\/v2\/media\/291897"}],"wp:attachment":[{"href":"https:\/\/diariodominicano.com\/index.php?rest_route=%2Fwp%2Fv2%2Fmedia&parent=291855"}],"wp:term":[{"taxonomy":"category","embeddable":true,"href":"https:\/\/diariodominicano.com\/index.php?rest_route=%2Fwp%2Fv2%2Fcategories&post=291855"},{"taxonomy":"post_tag","embeddable":true,"href":"https:\/\/diariodominicano.com\/index.php?rest_route=%2Fwp%2Fv2%2Ftags&post=291855"}],"curies":[{"name":"wp","href":"https:\/\/api.w.org\/{rel}","templated":true}]}}