{"id":291851,"date":"2021-08-10T21:52:21","date_gmt":"2021-08-11T01:52:21","guid":{"rendered":"http:\/\/diariodominicano.com\/?p=291851"},"modified":"2021-08-10T21:52:21","modified_gmt":"2021-08-11T01:52:21","slug":"alcaldesa-carolina-mejia-dara-banderazo-inicial-a-campeonato-del-caribe-de-ciclismo","status":"publish","type":"post","link":"https:\/\/diariodominicano.com\/?p=291851","title":{"rendered":"Alcaldesa Carolina Mej\u00eda dar\u00e1 banderazo inicial a Campeonato del Caribe de Ciclismo"},"content":{"rendered":"\n<p>diariodominicano.com<\/p>\n\n\n\n<p>Ser\u00e1 este jueves a las 9 de la ma\u00f1ana en el Mirador Sur<\/p>\n\n\n\n<p>Santo Domingo, R. D., 10 de agosto, 2021.- La alcaldesa Carolina Mej\u00eda dar\u00e1 el banderazo de honor para dejar inaugurado el Campeonato del Caribe de Ciclismo, en acto programado para efectuarse este jueves 12 de agosto, a las 9 de la ma\u00f1ana en el Mirador Sur.<\/p>\n\n\n\n<p>De esta manera lo expres\u00f3 Jorge Blas D\u00edaz, presidente de la Federaci\u00f3n Dominicana de Ciclismo (Fedoci), v\u00eda una nota de prensa de la instituci\u00f3n.<\/p>\n\n\n\n<p>\u201cNos enorgullece sobremanera que la alcaldesa Carolina Mej\u00eda otorgar\u00e1 el banderazo de honor de este evento clasificatorio para los Juegos Centroamericanos y del Caribe de El Salvado 2023\u201d, expres\u00f3 Blas D\u00edaz, quien adelant\u00f3 que al acto tambi\u00e9n fueron invitados funcionarios del Gobierno, del Ministerio de Deportes, del Comit\u00e9 Ol\u00edmpico Dominicano y directivos de federaciones nacionales.<\/p>\n\n\n\n<p>Ser\u00e1 el primero de dos eventos que montar\u00e1 la Fedoci, desde el 12 de agosto hasta el domingo 15.<\/p>\n\n\n\n<p>Junto a los Campeonatos del Caribe, se correr\u00e1 tambi\u00e9n el Panamericano de Ciclismo, clasificatorio para los Juegos Panamericanos Junior de Cali.<\/p>\n\n\n\n<p>En los dos eventos tomar\u00e1n parte 306 atletas de 36 pa\u00edses de Am\u00e9rica.<\/p>\n\n\n\n<p><strong>Selecciones de RD<\/strong><\/p>\n\n\n\n<p>La selecci\u00f3n femenina Sub-23, que va al clasificatorio para los Juegos Panamericanos Junior de Cali, tiene a las ciclistas Flor Espiritusanto, Karen Concepci\u00f3n y Ruth Santana.<\/p>\n\n\n\n<p>Mientras que en la categor\u00eda Elite van Brenda Mercedes, Stephany Contreras, Juan Fern\u00e1ndez, Gabriela Tejada, Mar\u00eda Teresa Mirabal. Los entrenadores son: Norlandy Tavera y Marlies Mej\u00edas.<\/p>\n\n\n\n<p>En la parte masculina, en la Sub-23 estar\u00e1n Steven Polanco, Frankel Rodr\u00edguez, Carlos Hern\u00e1ndez, Jes\u00fas Roniel Marte, Emilio G\u00f3mez, Ernando Luciano, Cristian S\u00e1nchez y Anthony Payamps \u2013suplente-.&nbsp;Fedoci&nbsp;anunci\u00f3 como entrenadores de esa categor\u00eda a Eladio N\u00fa\u00f1ez y Juan Eduardo P\u00e9rez.<\/p>\n\n\n\n<p>Tambi\u00e9n en la rama masculina, categor\u00eda Elite, competir\u00e1n Elin Garc\u00eda, Daniel Est\u00e9vez, Joel Garc\u00eda, Rafael Meran, Ram\u00f3n Adames, Rudy Germoso, Jhonatan Ogando, Francisco Mu\u00f1oz (hijo) y Augusto S\u00e1nchez.<\/p>\n\n\n\n<p>El evento tiene como soporte a la OMSA, instituci\u00f3n que movilizar\u00e1 a los atletas y t\u00e9cnicos; los Comedores Econ\u00f3micos, que suplir\u00e1 la alimentaci\u00f3n; adem\u00e1s de la Alcald\u00eda del Distrito Nacional (ADN), en nombre de la alcaldesa Carolina Mej\u00eda. Los Ministerios de Salud y Deportes, y el Comit\u00e9 Ol\u00edmpico Dominicano.&nbsp;<\/p>\n\n\n\n<p><strong>36 pa\u00edses confirmados<\/strong><\/p>\n\n\n\n<p>Anguila, Antigua, Bahamas, Barbados, Belice, Bermuda, Bolivia, Brasil, Chile, Colombia, Costa Rica, Cuba, Curazao, Dominica, Ecuador, El Salvador, Gran Caim\u00e1n, Granada, Guatemala, Hait\u00ed, Honduras, Jamaica, M\u00e9xico, Nicaragua, Panam\u00e1, Paraguay, Per\u00fa, Puerto Rico, Rep\u00fablica Dominicana, San Mart\u00edn, San Vicente y las Granadinas, Trinidad y Tobago, Uruguay, Venezuela y Santa Luc\u00eda.  <\/p>\n\n\n\n<figure class=\"wp-block-table\"><table><tbody><tr><td>Fuente:  <strong>William Aish<\/strong><\/td><\/tr><\/tbody><\/table><\/figure>\n","protected":false},"excerpt":{"rendered":"<p>diariodominicano.com Ser\u00e1 este jueves a las 9 de la ma\u00f1ana en el Mirador Sur Santo Domingo, R. D., 10 de agosto, 2021.- La alcaldesa Carolina Mej\u00eda dar\u00e1 el banderazo de honor para dejar inaugurado el Campeonato del Caribe de Ciclismo, en acto programado para efectuarse este jueves 12 de agosto, a las 9 de la [&hellip;]<\/p>\n","protected":false},"author":5,"featured_media":291852,"comment_status":"closed","ping_status":"","sticky":true,"template":"","format":"standard","meta":{"footnotes":""},"categories":[20,27],"tags":[],"class_list":["post-291851","post","type-post","status-publish","format-standard","has-post-thumbnail","hentry","category-dominicana-hoy","category-portada"],"_links":{"self":[{"href":"https:\/\/diariodominicano.com\/index.php?rest_route=\/wp\/v2\/posts\/291851","targetHints":{"allow":["GET"]}}],"collection":[{"href":"https:\/\/diariodominicano.com\/index.php?rest_route=\/wp\/v2\/posts"}],"about":[{"href":"https:\/\/diariodominicano.com\/index.php?rest_route=\/wp\/v2\/types\/post"}],"author":[{"embeddable":true,"href":"https:\/\/diariodominicano.com\/index.php?rest_route=\/wp\/v2\/users\/5"}],"replies":[{"embeddable":true,"href":"https:\/\/diariodominicano.com\/index.php?rest_route=%2Fwp%2Fv2%2Fcomments&post=291851"}],"version-history":[{"count":1,"href":"https:\/\/diariodominicano.com\/index.php?rest_route=\/wp\/v2\/posts\/291851\/revisions"}],"predecessor-version":[{"id":291853,"href":"https:\/\/diariodominicano.com\/index.php?rest_route=\/wp\/v2\/posts\/291851\/revisions\/291853"}],"wp:featuredmedia":[{"embeddable":true,"href":"https:\/\/diariodominicano.com\/index.php?rest_route=\/wp\/v2\/media\/291852"}],"wp:attachment":[{"href":"https:\/\/diariodominicano.com\/index.php?rest_route=%2Fwp%2Fv2%2Fmedia&parent=291851"}],"wp:term":[{"taxonomy":"category","embeddable":true,"href":"https:\/\/diariodominicano.com\/index.php?rest_route=%2Fwp%2Fv2%2Fcategories&post=291851"},{"taxonomy":"post_tag","embeddable":true,"href":"https:\/\/diariodominicano.com\/index.php?rest_route=%2Fwp%2Fv2%2Ftags&post=291851"}],"curies":[{"name":"wp","href":"https:\/\/api.w.org\/{rel}","templated":true}]}}