{"id":291770,"date":"2021-08-10T14:18:28","date_gmt":"2021-08-10T18:18:28","guid":{"rendered":"http:\/\/diariodominicano.com\/?p=291770"},"modified":"2021-08-10T14:18:28","modified_gmt":"2021-08-10T18:18:28","slug":"salud-publica-reporta-la-positividad-diaria-por-coronavirus-en-4-66-y-la-de-las-ultimas-cuatro-semanas-de-7-30","status":"publish","type":"post","link":"https:\/\/diariodominicano.com\/?p=291770","title":{"rendered":"Salud P\u00fablica reporta la positividad diaria por coronavirus en 4.66% y la de las \u00faltimas cuatro semanas de 7.30%"},"content":{"rendered":"\n<p>diariodominicano.com<\/p>\n\n\n\n<p>En las \u00faltimas 24 horas solo fue notificada una defunci\u00f3n y 211 nuevos casos COVID-19<\/p>\n\n\n\n<p>Santo Domingo, R. D., 10 de  agosto, 2021.\u2013   El Ministerio de Salud P\u00fablica, a trav\u00e9s del bolet\u00edn #509 emitido este martes por su Direcci\u00f3n General de Epidemiolog\u00eda (DIGEPI) notific\u00f3 que en el d\u00eda de ayer se procesaron 5,403 muestras, de las que 211 resultaron en nuevos casos positivos al SARS COV-2.<\/p>\n\n\n\n<p>Salud P\u00fablica, explica que, de estas muestras 45 son casos positivos nuevos en la provincia de Santiago 41 en Santo Domingo y 26 en el Distrito Nacional.<\/p>\n\n\n\n<p>A la fecha la naci\u00f3n tiene 10,355 casos activos, de un total de 344,836 registrados, con 330,506 pacientes recuperados y 1, 530,743 casos sospechosos han sido descartados.<\/p>\n\n\n\n<p>De estas muestras procesadas, rese\u00f1a que se hicieron 136 de \u2018Reacci\u00f3n en Cadena de la Polimerasa (PCR) y 5,267 de ant\u00edgeno, de las que 4,531 se hicieron por primera vez, y 872 fueron subsecuentes.<\/p>\n\n\n\n<p>Ocupaci\u00f3n hospitalaria<\/p>\n\n\n\n<p>La Red Hospitalaria cuenta con 2,622 camas COVID de las que 520 est\u00e1n ocupadas, para un 20 por ciento, con 177 camas de Unidad de Cuidados Intensivos (UCI) ocupadas de las 616 de que dispone el sistema para pacientes afectados por la enfermedad, lo que representa un 29 por ciento.<\/p>\n\n\n\n<p>En tanto que, de un total de 516 ventiladores del sistema 121 personas est\u00e1n conectadas, para un 23 por ciento.<\/p>\n\n\n\n<p>Tambi\u00e9n, se\u00f1ala que el total de muestras procesadas en el pa\u00eds desde que inici\u00f3 la pandemia es de 1, 875,579 equivalentes a 179,507 por mill\u00f3n de personas.<\/p>\n\n\n\n<p>Grupos de riesgo<\/p>\n\n\n\n<p>Los grupos de riesgos contin\u00faan siendo en personas que presentan comorbilidades, el documento oficial estad\u00edstico que recoge estos datos se\u00f1ala que por hipertensi\u00f3n los fallecidos corresponden a un 25.51 por ciento, mientras que por diabetes un 15.92 por ciento.<\/p>\n\n\n\n<p>De igual manera establece que las mujeres en estado de embarazo afectadas por el coronavirus son a la fecha 1,195, los trabajadores de la salud 1, 409 y los menores de 20 a\u00f1os unos 38,050.<\/p>\n\n\n\n<p>As\u00ed mismo reporta que desde que inici\u00f3 la pandemia en el pa\u00eds, han fallecido 3,975 personas, con una letalidad de 1.15 por ciento y la mortalidad por mill\u00f3n de habitantes, se ubica en 380.44.<\/p>\n\n\n\n<p>Las autoridades contin\u00faan su llamado a la ciudadan\u00eda de no bajar la guardia ante esta mortal y variante enfermedad, manteniendo las medidas de higiene y protocolos establecidos, como \u00fanica forma de evitar su propagaci\u00f3n.<\/p>\n\n\n\n<p>Fuente: Direcci\u00f3n de Comunicaci\u00f3n Estrat\u00e9gica<br>10 de agosto de 2021<\/p>\n\n\n\n<p><\/p>\n","protected":false},"excerpt":{"rendered":"<p>diariodominicano.com En las \u00faltimas 24 horas solo fue notificada una defunci\u00f3n y 211 nuevos casos COVID-19 Santo Domingo, R. D., 10 de agosto, 2021.\u2013 El Ministerio de Salud P\u00fablica, a trav\u00e9s del bolet\u00edn #509 emitido este martes por su Direcci\u00f3n General de Epidemiolog\u00eda (DIGEPI) notific\u00f3 que en el d\u00eda de ayer se procesaron 5,403 muestras, [&hellip;]<\/p>\n","protected":false},"author":5,"featured_media":268824,"comment_status":"closed","ping_status":"","sticky":true,"template":"","format":"standard","meta":{"footnotes":""},"categories":[20,27],"tags":[],"class_list":["post-291770","post","type-post","status-publish","format-standard","has-post-thumbnail","hentry","category-dominicana-hoy","category-portada"],"_links":{"self":[{"href":"https:\/\/diariodominicano.com\/index.php?rest_route=\/wp\/v2\/posts\/291770","targetHints":{"allow":["GET"]}}],"collection":[{"href":"https:\/\/diariodominicano.com\/index.php?rest_route=\/wp\/v2\/posts"}],"about":[{"href":"https:\/\/diariodominicano.com\/index.php?rest_route=\/wp\/v2\/types\/post"}],"author":[{"embeddable":true,"href":"https:\/\/diariodominicano.com\/index.php?rest_route=\/wp\/v2\/users\/5"}],"replies":[{"embeddable":true,"href":"https:\/\/diariodominicano.com\/index.php?rest_route=%2Fwp%2Fv2%2Fcomments&post=291770"}],"version-history":[{"count":1,"href":"https:\/\/diariodominicano.com\/index.php?rest_route=\/wp\/v2\/posts\/291770\/revisions"}],"predecessor-version":[{"id":291771,"href":"https:\/\/diariodominicano.com\/index.php?rest_route=\/wp\/v2\/posts\/291770\/revisions\/291771"}],"wp:featuredmedia":[{"embeddable":true,"href":"https:\/\/diariodominicano.com\/index.php?rest_route=\/wp\/v2\/media\/268824"}],"wp:attachment":[{"href":"https:\/\/diariodominicano.com\/index.php?rest_route=%2Fwp%2Fv2%2Fmedia&parent=291770"}],"wp:term":[{"taxonomy":"category","embeddable":true,"href":"https:\/\/diariodominicano.com\/index.php?rest_route=%2Fwp%2Fv2%2Fcategories&post=291770"},{"taxonomy":"post_tag","embeddable":true,"href":"https:\/\/diariodominicano.com\/index.php?rest_route=%2Fwp%2Fv2%2Ftags&post=291770"}],"curies":[{"name":"wp","href":"https:\/\/api.w.org\/{rel}","templated":true}]}}