{"id":291607,"date":"2021-08-09T13:26:56","date_gmt":"2021-08-09T17:26:56","guid":{"rendered":"http:\/\/diariodominicano.com\/?p=291607"},"modified":"2021-08-09T13:26:56","modified_gmt":"2021-08-09T17:26:56","slug":"cuba-reporta-7-950-contagios-y-77-muertes-por-covid-19-en-un-dia","status":"publish","type":"post","link":"https:\/\/diariodominicano.com\/?p=291607","title":{"rendered":"Cuba reporta 7.950 contagios y 77 muertes por COVID-19 en un d\u00eda"},"content":{"rendered":"\n<h3 class=\"wp-block-heading\">diariodominicano.com<a rel=\"noreferrer noopener\" href=\"http:\/\/home.xinhua-news.com\/gdsdetailxhs\/share\/9813538-?pageflag=iframe\" target=\"_blank\"><\/a><\/h3>\n\n\n\n<pre id=\"text-news-description\" class=\"wp-block-preformatted\">   LA HABANA, 9 ago (Xinhua) -- Cuba report\u00f3 hoy lunes 7.950 casos y 77 muertes m\u00e1s por la enfermedad del nuevo coronavirus (COVID-19) en 24 horas, con lo que acumul\u00f3 466.169 contagios y 3.515 decesos desde el inicio de la pandemia en el pa\u00eds.\n   El director de Higiene y Epidemiolog\u00eda del Ministerio de Salud P\u00fablica, Francisco Dur\u00e1n, dio a conocer en su reporte diario sobre la evoluci\u00f3n de la pandemia en Cuba que hay 103.209 pacientes ingresados en hospitales, centros de aislamientos y domicilios.\n   De acuerdo con el reporte, en el pa\u00eds hay tambi\u00e9n 46.746 casos activos y en terapia intensiva se atiende a 474 pacientes a causa de la COVID-19, entre ellos 308 graves y 166 cr\u00edticos.\n   Dur\u00e1n indic\u00f3 que del total de casos de la COVID-19 registrados la \u00faltima jornada, 18 tuvieron como fuente de infecci\u00f3n el extranjero.\n   La Habana registr\u00f3 la mayor\u00eda de los casos la \u00faltima jornada (1.625), seguida de las provincias de Cienfuegos (1.071) y Ciego de Avila (798).<\/pre>\n","protected":false},"excerpt":{"rendered":"<p>diariodominicano.com LA HABANA, 9 ago (Xinhua) &#8212; Cuba report\u00f3 hoy lunes 7.950 casos y 77 muertes m\u00e1s por la enfermedad del nuevo coronavirus (COVID-19) en 24 horas, con lo que acumul\u00f3 466.169 contagios y 3.515 decesos desde el inicio de la pandemia en el pa\u00eds. El director de Higiene y Epidemiolog\u00eda del Ministerio de Salud [&hellip;]<\/p>\n","protected":false},"author":5,"featured_media":291608,"comment_status":"closed","ping_status":"","sticky":true,"template":"","format":"standard","meta":{"footnotes":""},"categories":[23,27],"tags":[],"class_list":["post-291607","post","type-post","status-publish","format-standard","has-post-thumbnail","hentry","category-internacional","category-portada"],"_links":{"self":[{"href":"https:\/\/diariodominicano.com\/index.php?rest_route=\/wp\/v2\/posts\/291607","targetHints":{"allow":["GET"]}}],"collection":[{"href":"https:\/\/diariodominicano.com\/index.php?rest_route=\/wp\/v2\/posts"}],"about":[{"href":"https:\/\/diariodominicano.com\/index.php?rest_route=\/wp\/v2\/types\/post"}],"author":[{"embeddable":true,"href":"https:\/\/diariodominicano.com\/index.php?rest_route=\/wp\/v2\/users\/5"}],"replies":[{"embeddable":true,"href":"https:\/\/diariodominicano.com\/index.php?rest_route=%2Fwp%2Fv2%2Fcomments&post=291607"}],"version-history":[{"count":1,"href":"https:\/\/diariodominicano.com\/index.php?rest_route=\/wp\/v2\/posts\/291607\/revisions"}],"predecessor-version":[{"id":291609,"href":"https:\/\/diariodominicano.com\/index.php?rest_route=\/wp\/v2\/posts\/291607\/revisions\/291609"}],"wp:featuredmedia":[{"embeddable":true,"href":"https:\/\/diariodominicano.com\/index.php?rest_route=\/wp\/v2\/media\/291608"}],"wp:attachment":[{"href":"https:\/\/diariodominicano.com\/index.php?rest_route=%2Fwp%2Fv2%2Fmedia&parent=291607"}],"wp:term":[{"taxonomy":"category","embeddable":true,"href":"https:\/\/diariodominicano.com\/index.php?rest_route=%2Fwp%2Fv2%2Fcategories&post=291607"},{"taxonomy":"post_tag","embeddable":true,"href":"https:\/\/diariodominicano.com\/index.php?rest_route=%2Fwp%2Fv2%2Ftags&post=291607"}],"curies":[{"name":"wp","href":"https:\/\/api.w.org\/{rel}","templated":true}]}}