{"id":291605,"date":"2021-08-09T13:21:04","date_gmt":"2021-08-09T17:21:04","guid":{"rendered":"http:\/\/diariodominicano.com\/?p=291605"},"modified":"2021-08-09T13:21:04","modified_gmt":"2021-08-09T17:21:04","slug":"a-pleno-sol-un-ano-de-crisis","status":"publish","type":"post","link":"https:\/\/diariodominicano.com\/?p=291605","title":{"rendered":"A Pleno Sol; Un a\u00f1o de crisis"},"content":{"rendered":"\n<p>diariodominicano.com<\/p>\n\n\n\n<p><strong>Por Manuel Hern\u00e1ndez Villeta<\/strong><\/p>\n\n\n\n<p>Santo Domingo, R. D.,  9 de agosto, 2021.-  Un primer a\u00f1o de gobierno, es el camino corto para ir perfilando lo que ser\u00e1 el resto de la administraci\u00f3n. Luis Abinader\u00a0\u00a0llega a sus primeros doce meses con muchos \u00e9xitos y algunos encharcamientos. Ha sido para todos un a\u00f1o terrible.<\/p>\n\n\n\n<p>Sobre los hombros del gobierno y los ciudadanos ha estado pesando la pandemia. Al llegarse al primer a\u00f1o de la presente administraci\u00f3n, se elimina el toque de queda en un par de provincias, y se abre la actividad comercial e industrial.<\/p>\n\n\n\n<p>Un gobierno&nbsp;&nbsp;sumergido en una crisis econ\u00f3mica y de salud, ha podido capear bien el temporal. Luis Abinader ha sido un diestro capit\u00e1n de barco, pero lo m\u00e1s importante est\u00e1 por venir. Entramos al fondo de los tres a\u00f1os&nbsp;&nbsp;finales, y el per\u00edodo partidista que arrancar\u00e1 en un a\u00f1o<\/p>\n\n\n\n<p>Ya no se puede seguir con los subsidios, cuando la producci\u00f3n a duras penas est\u00e1 comenzando a pararse. Las empresas que retornan a su actividad normal con el fin de las medidas de emergencia, tienen que hacer frente a su responsabilidad social y garantizar el mantenimiento de los empleos.<\/p>\n\n\n\n<p>Esas empresas se van a encontrar con un panorama diferente a cuando cerraron. Muchas&nbsp;&nbsp;tienen que arrancar a media velocidad, tienen que hacer frente a un reajuste salarial,&nbsp;&nbsp;sobre todo, no pueden despedir a sus empleados sin cumplir con los programas de ley.<\/p>\n\n\n\n<p>Al gobierno le toca garantizar que se va a seguir caminando en la creaci\u00f3n masiva de empleos. Ese papel tiene que ser jugado por el sector privado. El gobierno puede ser el&nbsp;&nbsp;equilibrio y el sost\u00e9n para mantener en marcha la l\u00ednea de pleno&nbsp;&nbsp;empleo, pero no tiene empresas donde cobijar a los desempleados.<\/p>\n\n\n\n<p>Desde siempre el empleo en el sector gubernamental es paternalista y partidista. Para tener derecho a un cargo, a\u00fan y sea de conserje, en la administraci\u00f3n p\u00fablica se&nbsp;&nbsp;tiene que tener el apoyo de un pol\u00edtico, sino seguir\u00e1 en el banco.<\/p>\n\n\n\n<p>De ah\u00ed que debe ser desmantelado el concepto que hay de empleados de carrera. Pocos son los&nbsp;&nbsp;asalariados del gobierno que lograron sus cargos por concurso de oposici\u00f3n, o cualquier otro m\u00e9todo de selecci\u00f3n. Ayer y hoy,&nbsp;&nbsp;sus puestos son premios pol\u00edticos,&nbsp;&nbsp;por lo que nadie puede hablar de una inexistente carrera para&nbsp;&nbsp;transitar 16 a\u00f1os en el pasado y cuatro en el presente.<\/p>\n\n\n\n<p>Veo m\u00e1s luces que sombras en los doce meses de Luis Abinader. Ahora le toca ir ejecutando para salvar en forma definitivas la crisis econ\u00f3mica y la de salud. Los retos de hoy, con la apertura en marcha, son mayores que en los doce meses pasados con el covid-19 ahogando a todo el mundo. \u00a1Ay!, se me acab\u00f3 la tinta.<\/p>\n","protected":false},"excerpt":{"rendered":"<p>diariodominicano.com Por Manuel Hern\u00e1ndez Villeta Santo Domingo, R. D., 9 de agosto, 2021.- Un primer a\u00f1o de gobierno, es el camino corto para ir perfilando lo que ser\u00e1 el resto de la administraci\u00f3n. Luis Abinader\u00a0\u00a0llega a sus primeros doce meses con muchos \u00e9xitos y algunos encharcamientos. Ha sido para todos un a\u00f1o terrible. Sobre los [&hellip;]<\/p>\n","protected":false},"author":5,"featured_media":272593,"comment_status":"closed","ping_status":"","sticky":true,"template":"","format":"standard","meta":{"footnotes":""},"categories":[19,27],"tags":[],"class_list":["post-291605","post","type-post","status-publish","format-standard","has-post-thumbnail","hentry","category-mi-voz","category-portada"],"_links":{"self":[{"href":"https:\/\/diariodominicano.com\/index.php?rest_route=\/wp\/v2\/posts\/291605","targetHints":{"allow":["GET"]}}],"collection":[{"href":"https:\/\/diariodominicano.com\/index.php?rest_route=\/wp\/v2\/posts"}],"about":[{"href":"https:\/\/diariodominicano.com\/index.php?rest_route=\/wp\/v2\/types\/post"}],"author":[{"embeddable":true,"href":"https:\/\/diariodominicano.com\/index.php?rest_route=\/wp\/v2\/users\/5"}],"replies":[{"embeddable":true,"href":"https:\/\/diariodominicano.com\/index.php?rest_route=%2Fwp%2Fv2%2Fcomments&post=291605"}],"version-history":[{"count":1,"href":"https:\/\/diariodominicano.com\/index.php?rest_route=\/wp\/v2\/posts\/291605\/revisions"}],"predecessor-version":[{"id":291606,"href":"https:\/\/diariodominicano.com\/index.php?rest_route=\/wp\/v2\/posts\/291605\/revisions\/291606"}],"wp:featuredmedia":[{"embeddable":true,"href":"https:\/\/diariodominicano.com\/index.php?rest_route=\/wp\/v2\/media\/272593"}],"wp:attachment":[{"href":"https:\/\/diariodominicano.com\/index.php?rest_route=%2Fwp%2Fv2%2Fmedia&parent=291605"}],"wp:term":[{"taxonomy":"category","embeddable":true,"href":"https:\/\/diariodominicano.com\/index.php?rest_route=%2Fwp%2Fv2%2Fcategories&post=291605"},{"taxonomy":"post_tag","embeddable":true,"href":"https:\/\/diariodominicano.com\/index.php?rest_route=%2Fwp%2Fv2%2Ftags&post=291605"}],"curies":[{"name":"wp","href":"https:\/\/api.w.org\/{rel}","templated":true}]}}