{"id":291570,"date":"2021-08-09T11:42:56","date_gmt":"2021-08-09T15:42:56","guid":{"rendered":"http:\/\/diariodominicano.com\/?p=291570"},"modified":"2021-08-09T11:42:56","modified_gmt":"2021-08-09T15:42:56","slug":"presidente-luis-abinader-encabezara-segunda-entrega-premios-a-envejecientes","status":"publish","type":"post","link":"https:\/\/diariodominicano.com\/?p=291570","title":{"rendered":"Presidente Luis Abinader encabezar\u00e1 segunda entrega premios a envejecientes"},"content":{"rendered":"\n<p><strong><em>CONAPE convoc\u00f3 a postular a quienes califiquen para el homenaje por practicar la filantrop\u00eda<\/em> <\/strong><\/p>\n\n\n\n<p><strong>Santo Domingo.-<\/strong> El director ejecutivo del Consejo Nacional de la Persona Envejeciente (CONAPE), invit\u00f3 a las instituciones nacionales que trabajan con la poblaci\u00f3n adulta mayor, y al p\u00fablico en general a participar en la segunda edici\u00f3n de los premios anuales \u201cProtector de la Persona Envejeciente\u201d y \u201cAdulto Mayor del a\u00f1o\u201d, establecidos por la Ley 352-98.<\/p>\n\n\n\n<p>El doctor Jos\u00e9 Garc\u00eda Ram\u00edrez, explic\u00f3 que esta entrega iniciar\u00e1 con la recepci\u00f3n de propuestas desde el 16 al 30 del mes de agosto, para lo cual, est\u00e1n disponibles, en la p\u00e1gina web&nbsp;<a href=\"https:\/\/www.conape.gob\/\">https:\/\/www.conape.gob<\/a>.do y en las redes sociales del CONAPE (@conaperd), los formularios para postular&nbsp; a los candidatos en ambas categor\u00eda<\/p>\n\n\n\n<p>Los formularios pueden ser descargados y completados y luego enviados al correo <a href=\"mailto:prensa@conape.gob.do\">prensa@conape.gob.do<\/a> o acudiendo directamente a las oficinas, del CONAPE, ubicada en la calle Santiago # 4, esquina Delgado, en el sector Gazcue y cualquier informaci\u00f3n adicional, v\u00eda online, a trav\u00e9s de la p\u00e1gina <a href=\"http:\/\/www.conape.gob.do\">www.conape.gob.do<\/a> o llamando al tel\u00e9fono 809-688-4433, extensiones 8020 y 8021.<\/p>\n\n\n\n<p>Garc\u00eda Ram\u00edrez se\u00f1al\u00f3 que los premios ser\u00e1n entregados por el presidente de la Rep\u00fablica Luis Abinader, durante un acto que se llevar\u00e1 a cabo en el Palacio Nacional el d\u00eda primero de octubre, a prop\u00f3sito de la celebraci\u00f3n del D\u00eda Internacional de la Persona de Edad y D\u00eda Nacional de la Persona Envejeciente.<\/p>\n\n\n\n<p>Precis\u00f3 que con esos galardones el Poder Ejecutivo y el CONAPE honrar\u00e1n a las instituciones o individuos que a lo largo del a\u00f1o hayan desarrollado una labor desinteresada, ponderable y excepcional a favor de las personas envejecientes.<\/p>\n\n\n\n<p>Los candidatos que sean considerados para optar por los galardones, deber\u00e1n mostrar que se han destacado en las \u00e1reas de educaci\u00f3n, salud, cultura, laboral, pol\u00edtica, deportes, profesional y municipalidad, a favor de los envejecientes, o siendo ejemplo como persona adulta mayor en su comunidad.<\/p>\n\n\n\n<p>Se recuerda que el pasado a\u00f1o, fueron galardonados el doctor Antonio Cruz Jimini\u00e1n, por su labor altruista con los adultos mayores y la se\u00f1ora Rosa Aura Calder\u00f3n Mena, por haberse destacado como una envejeciente activa, productiva y participativa y que al propio tiempo realiza diferentes obras sociales para favorecer a sus cong\u00e9neres.<\/p>\n\n\n\n<p>Los premios \u201cProtector de la Persona Envejeciente\u201d y \u201cAdulto Mayor del a\u00f1o\u201d, est\u00e1n contemplados en la Ley 352-98 y su Reglamento 1372-04, pero no fue hasta el pasado a\u00f1o 2020 que se entregaron por primera vez lo que reafirma el compromiso del presidente Luis Abinader de proteger, impulsar y mejorar la calidad de vida de los adultos mayores.&nbsp;<\/p>\n\n\n\n<p><\/p>\n","protected":false},"excerpt":{"rendered":"<p>CONAPE convoc\u00f3 a postular a quienes califiquen para el homenaje por practicar la filantrop\u00eda Santo Domingo.- El director ejecutivo del Consejo Nacional de la Persona Envejeciente (CONAPE), invit\u00f3 a las instituciones nacionales que trabajan con la poblaci\u00f3n adulta mayor, y al p\u00fablico en general a participar en la segunda edici\u00f3n de los premios anuales \u201cProtector [&hellip;]<\/p>\n","protected":false},"author":7,"featured_media":291583,"comment_status":"closed","ping_status":"","sticky":true,"template":"","format":"standard","meta":{"footnotes":""},"categories":[20,27],"tags":[],"class_list":["post-291570","post","type-post","status-publish","format-standard","has-post-thumbnail","hentry","category-dominicana-hoy","category-portada"],"_links":{"self":[{"href":"https:\/\/diariodominicano.com\/index.php?rest_route=\/wp\/v2\/posts\/291570","targetHints":{"allow":["GET"]}}],"collection":[{"href":"https:\/\/diariodominicano.com\/index.php?rest_route=\/wp\/v2\/posts"}],"about":[{"href":"https:\/\/diariodominicano.com\/index.php?rest_route=\/wp\/v2\/types\/post"}],"author":[{"embeddable":true,"href":"https:\/\/diariodominicano.com\/index.php?rest_route=\/wp\/v2\/users\/7"}],"replies":[{"embeddable":true,"href":"https:\/\/diariodominicano.com\/index.php?rest_route=%2Fwp%2Fv2%2Fcomments&post=291570"}],"version-history":[{"count":1,"href":"https:\/\/diariodominicano.com\/index.php?rest_route=\/wp\/v2\/posts\/291570\/revisions"}],"predecessor-version":[{"id":291584,"href":"https:\/\/diariodominicano.com\/index.php?rest_route=\/wp\/v2\/posts\/291570\/revisions\/291584"}],"wp:featuredmedia":[{"embeddable":true,"href":"https:\/\/diariodominicano.com\/index.php?rest_route=\/wp\/v2\/media\/291583"}],"wp:attachment":[{"href":"https:\/\/diariodominicano.com\/index.php?rest_route=%2Fwp%2Fv2%2Fmedia&parent=291570"}],"wp:term":[{"taxonomy":"category","embeddable":true,"href":"https:\/\/diariodominicano.com\/index.php?rest_route=%2Fwp%2Fv2%2Fcategories&post=291570"},{"taxonomy":"post_tag","embeddable":true,"href":"https:\/\/diariodominicano.com\/index.php?rest_route=%2Fwp%2Fv2%2Ftags&post=291570"}],"curies":[{"name":"wp","href":"https:\/\/api.w.org\/{rel}","templated":true}]}}