{"id":291512,"date":"2021-08-08T23:58:58","date_gmt":"2021-08-09T03:58:58","guid":{"rendered":"http:\/\/diariodominicano.com\/?p=291512"},"modified":"2021-08-08T23:58:58","modified_gmt":"2021-08-09T03:58:58","slug":"pro-consumidor-revisara-situacion-provoca-alza-indiscriminada-en-la-carne-de-pollo","status":"publish","type":"post","link":"https:\/\/diariodominicano.com\/?p=291512","title":{"rendered":"Pro Consumidor revisar\u00e1 situaci\u00f3n provoca alza indiscriminada en la carne de pollo"},"content":{"rendered":"\n<p>diariodominicano.com<\/p>\n\n\n\n<p>Eddy Alc\u00e1ntara advirti\u00f3 que en caso de encontrar pr\u00e1cticas especulativas con la carne blanca sancionar\u00e1n a los responsables<\/p>\n\n\n\n<p>Santo Domingo, R. D.,  8 de agosto, 2021.-\u00a0\u00a0El director ejecutivo del Instituto Nacional de Protecci\u00f3n de los Derechos del Consumidor (Pro Consumidor) declar\u00f3 este domingo que esa instituci\u00f3n analiza la situaci\u00f3n que ha generado en los \u00faltimos d\u00edas el alza indiscriminada en la carne de pollo, al tiempo que advirti\u00f3 que en caso de encontrar pr\u00e1cticas especulativas desde el punto de vista econ\u00f3mico se proceder\u00e1 a sancionar a los responsables que est\u00e1n afectando a los bolsillos de los consumidores.<\/p>\n\n\n\n<p>El doctor Eddy Alc\u00e1ntara dijo que, si se determina que hay especulaci\u00f3n econ\u00f3mica van a proceder en consecuencia contra esos establecimientos.<\/p>\n\n\n\n<p>Explic\u00f3 en ese sentido que entre las atribuciones de Pro Consumidor est\u00e1 vigilar y procurar que no se afecten los bolsillos de los dominicanos haciendo uso de pr\u00e1cticas ilegales en procura de obtener mayores m\u00e1rgenes de beneficio en detrimento de los consumidores.<\/p>\n\n\n\n<p>Indic\u00f3&nbsp;que, a mediados de la semana pasada, en esa instituci\u00f3n se comenzaron a recibir denuncias de alza desproporcionada en la carne de pollo, raz\u00f3n por la cual&nbsp;desde el pasado viernes vienen analizando la situaci\u00f3n&nbsp;porque \u201cno queremos que se perjudique a los consumidores con estas pr\u00e1cticas ilegales\u201d.<\/p>\n\n\n\n<p>Manifest\u00f3 que como parte del an\u00e1lisis que realiza la entidad defensora de los consumidores, inspectores de la instituci\u00f3n est\u00e1n realizando un levantamiento, visitando establecimientos que venden la carne de pollo, como las grandes cadenas de supermercados y puntos de venta, para verificar a qu\u00e9 precio est\u00e1n vendiendo la libra.<\/p>\n\n\n\n<p>Alc\u00e1ntara explic\u00f3 que en los \u00faltimos d\u00edas se ha disparado la demanda de carne de pollo por el surgimiento en el pa\u00eds de la fiebre porcina africana, por lo que mucha gente ha dejado de consumir cerdo.<\/p>\n\n\n\n<p>\u201cPero estamos vigilantes para evitar que algunos comercios se aprovechen de la actual situaci\u00f3n e incurran en pr\u00e1cticas especulativas, lo que no vamos a permitir\u201d, destac\u00f3.<br><\/p>\n\n\n\n<p>Fuente:  <strong>Departamento de Comunicaciones<\/strong><\/p>\n\n\n\n<p><strong>Pro Consumidor<\/strong><\/p>\n","protected":false},"excerpt":{"rendered":"<p>diariodominicano.com Eddy Alc\u00e1ntara advirti\u00f3 que en caso de encontrar pr\u00e1cticas especulativas con la carne blanca sancionar\u00e1n a los responsables Santo Domingo, R. D., 8 de agosto, 2021.-\u00a0\u00a0El director ejecutivo del Instituto Nacional de Protecci\u00f3n de los Derechos del Consumidor (Pro Consumidor) declar\u00f3 este domingo que esa instituci\u00f3n analiza la situaci\u00f3n que ha generado en los [&hellip;]<\/p>\n","protected":false},"author":5,"featured_media":291513,"comment_status":"closed","ping_status":"","sticky":true,"template":"","format":"standard","meta":{"footnotes":""},"categories":[20,27],"tags":[],"class_list":["post-291512","post","type-post","status-publish","format-standard","has-post-thumbnail","hentry","category-dominicana-hoy","category-portada"],"_links":{"self":[{"href":"https:\/\/diariodominicano.com\/index.php?rest_route=\/wp\/v2\/posts\/291512","targetHints":{"allow":["GET"]}}],"collection":[{"href":"https:\/\/diariodominicano.com\/index.php?rest_route=\/wp\/v2\/posts"}],"about":[{"href":"https:\/\/diariodominicano.com\/index.php?rest_route=\/wp\/v2\/types\/post"}],"author":[{"embeddable":true,"href":"https:\/\/diariodominicano.com\/index.php?rest_route=\/wp\/v2\/users\/5"}],"replies":[{"embeddable":true,"href":"https:\/\/diariodominicano.com\/index.php?rest_route=%2Fwp%2Fv2%2Fcomments&post=291512"}],"version-history":[{"count":1,"href":"https:\/\/diariodominicano.com\/index.php?rest_route=\/wp\/v2\/posts\/291512\/revisions"}],"predecessor-version":[{"id":291514,"href":"https:\/\/diariodominicano.com\/index.php?rest_route=\/wp\/v2\/posts\/291512\/revisions\/291514"}],"wp:featuredmedia":[{"embeddable":true,"href":"https:\/\/diariodominicano.com\/index.php?rest_route=\/wp\/v2\/media\/291513"}],"wp:attachment":[{"href":"https:\/\/diariodominicano.com\/index.php?rest_route=%2Fwp%2Fv2%2Fmedia&parent=291512"}],"wp:term":[{"taxonomy":"category","embeddable":true,"href":"https:\/\/diariodominicano.com\/index.php?rest_route=%2Fwp%2Fv2%2Fcategories&post=291512"},{"taxonomy":"post_tag","embeddable":true,"href":"https:\/\/diariodominicano.com\/index.php?rest_route=%2Fwp%2Fv2%2Ftags&post=291512"}],"curies":[{"name":"wp","href":"https:\/\/api.w.org\/{rel}","templated":true}]}}