{"id":291508,"date":"2021-08-08T23:37:31","date_gmt":"2021-08-09T03:37:31","guid":{"rendered":"http:\/\/diariodominicano.com\/?p=291508"},"modified":"2021-08-08T23:37:31","modified_gmt":"2021-08-09T03:37:31","slug":"tercera-ola-es-inevitable-pero-vacunacion-hara-que-covid-19-sea-mas-banal-afirman-autoridades-argentinas","status":"publish","type":"post","link":"https:\/\/diariodominicano.com\/?p=291508","title":{"rendered":"Tercera ola es \u00abinevitable\u00bb, pero vacunaci\u00f3n har\u00e1 que COVID-19 sea \u00abm\u00e1s banal\u00bb, afirman autoridades argentinas"},"content":{"rendered":"\n<p>diariodominicano.com<a rel=\"noreferrer noopener\" href=\"http:\/\/home.xinhua-news.com\/gdsdetailxhs\/share\/9810699-?pageflag=iframe\" target=\"_blank\"><\/a><\/p>\n\n\n\n<pre id=\"text-news-description\" class=\"wp-block-preformatted\">   BUENOS AIRES, 8 ago (Xinhua) -- La tercera ola de casos de la enfermedad del nuevo coronavirus (COVID-19) es \"inevitable\" para Argentina, pero la vacunaci\u00f3n har\u00e1 que la afecci\u00f3n sea \"m\u00e1s banal\", afirm\u00f3 hoy domingo el ministro de Salud de la ciudad de Buenos Aires, Fern\u00e1n Quir\u00f3s.\n   El funcionario dijo a la prensa local que \"la circulaci\u00f3n comunitaria de la variante delta va a ocurrir en el corto plazo\", pero remarc\u00f3 que con un mayor n\u00famero de personas inmunizadas \"tal vez no tenga tantos internados y no provoque tanto da\u00f1o social\".\n   \"Sabemos que la circulaci\u00f3n comunitaria de la variante delta va a ocurrir en el corto plazo. Vemos que cada 7 d\u00edas se duplica su participaci\u00f3n en el escenario de los contagios. Pero hay que ser claro: cuando logr\u00e1s vacunar con las dos dosis de manera significativa, el n\u00famero de casos ya no es la variable m\u00e1s importante, sino el n\u00famero de camas ocupadas, la cantidad de personas que sufren una enfermedad grave\", asegur\u00f3 Quir\u00f3s.\n   El funcionario de la capital argentina enfatiz\u00f3 que \"la enfermedad pasa a ser un poco m\u00e1s banal cuando las personas est\u00e1n bien protegidas\".\n   Argentina inici\u00f3 su campa\u00f1a de inmunizaci\u00f3n contra la COVID-19 en diciembre pasado y lleva aplicadas 34.624.926 vacunas.\n   Quir\u00f3s dijo que el ritmo de la campa\u00f1a de vacunaci\u00f3n va a ser clave ante un potencial aumento de casos.\n   \"Eso es lo que vamos a ver, una tercera ola en las pr\u00f3ximas semanas, pero que tal vez no tenga tantos internados y no sea tan grave para la gente\", afirm\u00f3.\n   El ministro de Salud capitalino enfatiz\u00f3 que \"no estamos buscando evitar la tercera ola, sino que pase como una enfermedad banal y no genere da\u00f1o en la gente. La relaci\u00f3n entre el contagio o la enfermedad y la gravedad social se separa a trav\u00e9s de la vacunaci\u00f3n\".\n   \"Esta no es una enfermedad puramente sanitaria, sino que da\u00f1a a la sociedad en todas sus dimensiones. Hay que cuidar todas las dimensiones y avanzar con la vacunaci\u00f3n\", inst\u00f3.\n   El pa\u00eds sudamericano registr\u00f3 su primer caso de COVID-19 en marzo de 2020 y confirm\u00f3 hasta el domingo 5.018.895 contagios y 107.459 decesos. <\/pre>\n","protected":false},"excerpt":{"rendered":"<p>diariodominicano.com BUENOS AIRES, 8 ago (Xinhua) &#8212; La tercera ola de casos de la enfermedad del nuevo coronavirus (COVID-19) es \u00abinevitable\u00bb para Argentina, pero la vacunaci\u00f3n har\u00e1 que la afecci\u00f3n sea \u00abm\u00e1s banal\u00bb, afirm\u00f3 hoy domingo el ministro de Salud de la ciudad de Buenos Aires, Fern\u00e1n Quir\u00f3s. El funcionario dijo a la prensa local [&hellip;]<\/p>\n","protected":false},"author":5,"featured_media":291510,"comment_status":"closed","ping_status":"","sticky":true,"template":"","format":"standard","meta":{"footnotes":""},"categories":[23,27],"tags":[],"class_list":["post-291508","post","type-post","status-publish","format-standard","has-post-thumbnail","hentry","category-internacional","category-portada"],"_links":{"self":[{"href":"https:\/\/diariodominicano.com\/index.php?rest_route=\/wp\/v2\/posts\/291508","targetHints":{"allow":["GET"]}}],"collection":[{"href":"https:\/\/diariodominicano.com\/index.php?rest_route=\/wp\/v2\/posts"}],"about":[{"href":"https:\/\/diariodominicano.com\/index.php?rest_route=\/wp\/v2\/types\/post"}],"author":[{"embeddable":true,"href":"https:\/\/diariodominicano.com\/index.php?rest_route=\/wp\/v2\/users\/5"}],"replies":[{"embeddable":true,"href":"https:\/\/diariodominicano.com\/index.php?rest_route=%2Fwp%2Fv2%2Fcomments&post=291508"}],"version-history":[{"count":1,"href":"https:\/\/diariodominicano.com\/index.php?rest_route=\/wp\/v2\/posts\/291508\/revisions"}],"predecessor-version":[{"id":291511,"href":"https:\/\/diariodominicano.com\/index.php?rest_route=\/wp\/v2\/posts\/291508\/revisions\/291511"}],"wp:featuredmedia":[{"embeddable":true,"href":"https:\/\/diariodominicano.com\/index.php?rest_route=\/wp\/v2\/media\/291510"}],"wp:attachment":[{"href":"https:\/\/diariodominicano.com\/index.php?rest_route=%2Fwp%2Fv2%2Fmedia&parent=291508"}],"wp:term":[{"taxonomy":"category","embeddable":true,"href":"https:\/\/diariodominicano.com\/index.php?rest_route=%2Fwp%2Fv2%2Fcategories&post=291508"},{"taxonomy":"post_tag","embeddable":true,"href":"https:\/\/diariodominicano.com\/index.php?rest_route=%2Fwp%2Fv2%2Ftags&post=291508"}],"curies":[{"name":"wp","href":"https:\/\/api.w.org\/{rel}","templated":true}]}}