{"id":291504,"date":"2021-08-08T23:27:17","date_gmt":"2021-08-09T03:27:17","guid":{"rendered":"http:\/\/diariodominicano.com\/?p=291504"},"modified":"2021-08-08T23:27:17","modified_gmt":"2021-08-09T03:27:17","slug":"fortaleza-democratica-del-cdp","status":"publish","type":"post","link":"https:\/\/diariodominicano.com\/?p=291504","title":{"rendered":"Fortaleza democr\u00e1tica del CDP"},"content":{"rendered":"\n<p>diariodominicano.com<\/p>\n\n\n\n<p>Por Mercedes Castillo<\/p>\n\n\n\n<p>Santo Domingo, R. D., 6 de agosto, 2021.-  Desde la promulgaci\u00f3n de la vigente ley 1091 el 7 de mayo de esa misma fecha, se realizan elecciones generales democr\u00e1ticas cada dos a\u00f1os en el Colegio Dominicano de Periodistas (CDP), para escoger las autoridades del CDP, consolidando de esa manera la vida democr\u00e1tica de la instituci\u00f3n. Para el pr\u00f3ximo viernes 27 de agosto est\u00e1n pautadas las elecciones n\u00famero 17.<\/p>\n\n\n\n<p>Del 1991 al 2021 se han celebrado 16 procesos electorales en el CDP, con reelecciones de varios presidentes.<\/p>\n\n\n\n<p>De esa fecha hasta hoy los periodistas dominicanos han elegido libremente como su presidente a los siguientes periodistas_gremialistas:<\/p>\n\n\n\n<p>Rafael M\u00e9ndez, Jos\u00e9 Bujosa Mieses, Mercedes Castillo, Jos\u00e9 Tejada G\u00f2mez, \u00d3scar L\u00f3pez Reyes, H\u00e9ctor Luz\u00f3n,Aurelio Henr\u00edquez,Olivo De Le\u00f3n y Adriano De la Cruz.<\/p>\n\n\n\n<p>Los presidentes del IPPP electos son:<\/p>\n\n\n\n<p>Alex Jim\u00e9nez, \u00d3scar L\u00f3pez Reyes, Perfecto Mart\u00ednez, Bonaparte Gautreaux Pi\u00f1eyro, Jos\u00e9 Tejada G\u00f2mez, H\u00e9ctor Luz\u00f3n, Wilfredo Medina, Aurelio Henr\u00edquez Mercedes Castillo,Juan Carlos Bisono y Olivo De Le\u00f3n.<\/p>\n\n\n\n<p>En el Tribunal Disciplinario han sido presidentes:<\/p>\n\n\n\n<p>Jos\u00e9 Tejada G\u00f2mez, Adriano De la Cruz, \u00d3scar L\u00f3pez Reyes, Ram\u00f3n Puello B\u00e1ez,Onofre De la Rosa,Vicente Estrella,C\u00e1ndida Ortega, Elsa Bello y Siddy Roque.<\/p>\n\n\n\n<p>Ex_Secretarios generales de la seccional del Distrito Nacional:<\/p>\n\n\n\n<p>H\u00e9ctor Luz\u00f3n, Napole\u00f3n Rojas, Bernardo N\u00fa\u00f1ez, Wilson Hern\u00e1ndez, Octavio Gomez, Pura Blanco Tineo, Yris Neida Cuevas Amador, C\u00e1ndida Ortega, Brunilda Romero, Zoila Puello y Rosanna Figueroa.<\/p>\n\n\n\n<p>Logros alcanzados en los 31a\u00f1os de la ley1091:<\/p>\n\n\n\n<p>1.-Negocio una nueva ley de colegiaci\u00f3n period\u00edstica especial, la 1091, que se consider\u00f3 y se considera todav\u00eda \u00abla ley posible,no la ideal de los periodistas\u00bb. No obstante, bajo la referida ley el CDP ha logrado las siguientes conquistas:<\/p>\n\n\n\n<p>1.- Ha Trabajado intensamente para representar lo mejor posible, a los profesionales del periodismo dominicano,constituyendo hoy d\u00eda la instituci\u00f3n representativa del sector.<\/p>\n\n\n\n<p>2._El CDP ha integrado gran parte del periodismo nacional a la organizaci\u00f3n, ha defendido permanentemente al ejercicio profesional,al periodista, a la profesi\u00f3n de periodista,la \u00e9tica profesional,la libertad de expresi\u00f3n y difusi\u00f3n del pensamiento, la democracia,los derechos humanos y la actualizaci\u00f3n y especializaci\u00f3n de los conocimientos de los periodistas de manera permanente.<\/p>\n\n\n\n<p>3.-A trav\u00e9s del Estado y con ayuntamientos se ha logrado la construcci\u00f3n del edificio nacional del CDP y en casi todas las provincias tambi\u00e9n locales del Colegio Dominicano de Periodistas. En la actualidad el presidente Luis Abinader aprob\u00f3 el remozamiento del edificio nacional. En el 2005_06 lo remoz\u00f3 el presidente Leonel Fern\u00e1ndez, es decir, 15 a\u00f1os atr\u00e1s.<\/p>\n\n\n\n<p>4._El Colegio ha obtenido importantes conquistas en favor de los periodistas en el orden social y profesional, como son: el Premio Nacional de Periodismo en 1994 en la que el Estado dominicano reconoce los aportes de los periodistas a la sociedad. Y en lo social, pensiones desde 2007 para periodistas con m\u00e9ritos profesionales y en edad de retiro o por enfermedad. Hasta el momento alrededor de 400 periodistas han sido beneficiados.<\/p>\n\n\n\n<p>5._ Asistencia social a periodistas que requieren dichas ayudas a trav\u00e9s del IPPP,as\u00ed como recreaci\u00f3n como parte de la salud mental.<\/p>\n\n\n\n<p>6._Ha garantizado la democracia interna con la realizaci\u00f3n de elecciones para elegir sus autoridades cada dos a\u00f1os,entre muchas otras conquistas tangibles y no tangibles a favor del sector profesional.<\/p>\n\n\n\n<p>Respaldemos y cuidemos bien y siempre nuestro Colegio Profesional. Enhorabuena.<\/p>\n\n\n\n<p>Mercedes Castillo, presidente CDP<br>9 de agosto,2021.<\/p>\n","protected":false},"excerpt":{"rendered":"<p>diariodominicano.com Por Mercedes Castillo Santo Domingo, R. D., 6 de agosto, 2021.- Desde la promulgaci\u00f3n de la vigente ley 1091 el 7 de mayo de esa misma fecha, se realizan elecciones generales democr\u00e1ticas cada dos a\u00f1os en el Colegio Dominicano de Periodistas (CDP), para escoger las autoridades del CDP, consolidando de esa manera la vida [&hellip;]<\/p>\n","protected":false},"author":5,"featured_media":291505,"comment_status":"closed","ping_status":"","sticky":true,"template":"","format":"standard","meta":{"footnotes":""},"categories":[19,27],"tags":[],"class_list":["post-291504","post","type-post","status-publish","format-standard","has-post-thumbnail","hentry","category-mi-voz","category-portada"],"_links":{"self":[{"href":"https:\/\/diariodominicano.com\/index.php?rest_route=\/wp\/v2\/posts\/291504","targetHints":{"allow":["GET"]}}],"collection":[{"href":"https:\/\/diariodominicano.com\/index.php?rest_route=\/wp\/v2\/posts"}],"about":[{"href":"https:\/\/diariodominicano.com\/index.php?rest_route=\/wp\/v2\/types\/post"}],"author":[{"embeddable":true,"href":"https:\/\/diariodominicano.com\/index.php?rest_route=\/wp\/v2\/users\/5"}],"replies":[{"embeddable":true,"href":"https:\/\/diariodominicano.com\/index.php?rest_route=%2Fwp%2Fv2%2Fcomments&post=291504"}],"version-history":[{"count":1,"href":"https:\/\/diariodominicano.com\/index.php?rest_route=\/wp\/v2\/posts\/291504\/revisions"}],"predecessor-version":[{"id":291506,"href":"https:\/\/diariodominicano.com\/index.php?rest_route=\/wp\/v2\/posts\/291504\/revisions\/291506"}],"wp:featuredmedia":[{"embeddable":true,"href":"https:\/\/diariodominicano.com\/index.php?rest_route=\/wp\/v2\/media\/291505"}],"wp:attachment":[{"href":"https:\/\/diariodominicano.com\/index.php?rest_route=%2Fwp%2Fv2%2Fmedia&parent=291504"}],"wp:term":[{"taxonomy":"category","embeddable":true,"href":"https:\/\/diariodominicano.com\/index.php?rest_route=%2Fwp%2Fv2%2Fcategories&post=291504"},{"taxonomy":"post_tag","embeddable":true,"href":"https:\/\/diariodominicano.com\/index.php?rest_route=%2Fwp%2Fv2%2Ftags&post=291504"}],"curies":[{"name":"wp","href":"https:\/\/api.w.org\/{rel}","templated":true}]}}