{"id":291501,"date":"2021-08-08T23:10:47","date_gmt":"2021-08-09T03:10:47","guid":{"rendered":"http:\/\/diariodominicano.com\/?p=291501"},"modified":"2021-08-08T23:10:47","modified_gmt":"2021-08-09T03:10:47","slug":"ministerio-de-educacion-apoya-encuentro-regional-de-escritores-y-profesores-de-literatura","status":"publish","type":"post","link":"https:\/\/diariodominicano.com\/?p=291501","title":{"rendered":"Ministerio de Educaci\u00f3n apoya encuentro regional de escritores y profesores de literatura"},"content":{"rendered":"\n<p>diariodominicano.com<\/p>\n\n\n\n<p>Puerto Plata, R. D., 8 de agosto, 2021.-\u00a0 La direcci\u00f3n de Cultura del ministerio de Educaci\u00f3n realiz\u00f3 este s\u00e1bado en Puerto Plata, el cuarto Encuentro Regional de Escritores y Profesores de Literatura con el tema \u201cEl h\u00e1bito de la lectura como elemento esencial de la educaci\u00f3n\u201d.<\/p>\n\n\n\n<p>El director de Cultura Luis R. Santos explic\u00f3 que los encuentros tienen la finalidad de generar un di\u00e1logo permanente entre escritores contempor\u00e1neos y profesores de literatura, en el que se comparten estrategias para crear h\u00e1bitos de lectura y propiciar un acercamiento entre los creadores y los estudiantes.<\/p>\n\n\n\n<p>\u201cCrear h\u00e1bito de lectura a trav\u00e9s del conocimiento de los autores contempor\u00e1neos y de sus obras, haci\u00e9ndolas disponibles, f\u00e1cil y gratuitamente a trav\u00e9s de la red, junto con las obras cl\u00e1sicas de las letras nacionales es una acci\u00f3n que promueve el ministro de Educaci\u00f3n, Roberto Fulcar\u201d.<\/p>\n\n\n\n<p>El encuentro cuenta con el apoyo de la Fundaci\u00f3n de Estudios Econ\u00f3micos y Pol\u00edticos (FUNDESEP), que preside \u00c1ngel Lockward.<\/p>\n\n\n\n<p>\u201cEstos encuentros se enmarcan en la continuaci\u00f3n de las actividades dentro de la C\u00e1tedra Ciudadana \u201cEscritoras y Escritores Dominicanos\u201d, lanzada el 23 de marzo pasado. Juntar a nuestros escritores y escritoras de diversos g\u00e9neros tiende un puente cultural entre ellos y los lectores dentro del sistema de educaci\u00f3n preuniversitaria\u201d, dijo Lockward.<\/p>\n\n\n\n<p>Ante docentes de literatura y lengua espa\u00f1ola el escritor Avelino Stanley trat\u00f3 sobre La novela en la literatura dominicana, con las intervenciones de los novelistas Pedro Antonio Valdez y Osiris Madera. A cargo de Emilia Pereyra estuvo la conferencia A vuelo de cuento: cuent\u00edstica dominicana, con comentarios de Ibeth Guzm\u00e1n, C\u00e9sar Zapata y Nan Chevalier. Basilio Belliard expuso en el g\u00e9nero poes\u00eda con los panelistas Marino Berig\u00fcete, Frank N\u00fa\u00f1ez y Juan Hern\u00e1ndez Inirio. Sobre el ensayo expuso Odal\u00eds G. P\u00e9rez, con Ofelia Berrido, Omar Mess\u00f3n y El\u00edzabeth Balaguer como panelistas.<\/p>\n\n\n\n<p>El Coordinador General del \u00e1rea de literatura de la Regional 11, Jos\u00e9 Luis Marmolejos dijo que est\u00e1n comprometidos con impulsar y promover el inter\u00e9s por la lectura con el involucramiento de los docentes, t\u00e9cnicos y escritores.<\/p>\n\n\n\n<p>\u00abEste evento contribuye al desarrollo cultural y, sobre todo, con una educaci\u00f3n de calidad que redunda en aprendizajes significativos para los estudiantes, en este caso de Lengua Espa\u00f1ola. Buscamos que los profesores puedan reforzar la formaci\u00f3n que tienen en esta materia y en consecuencia tengan m\u00e1s facilidad y fluidez para conseguir que los estudiantes puedan leer cualquier g\u00e9nero y apreciar lo que aporta a su crecimiento\u00bb, sostuvo Marmolejos.<\/p>\n\n\n\n<p>Encuentros similares se han realizado en Santo Domingo, Azua e Hig\u00fcey.<\/p>\n\n\n\n<p>Fuente:  <strong>Ministerio de Educaci\u00f3n<\/strong><\/p>\n\n\n\n<p><strong>Direcci\u00f3n de Comunicaci\u00f3n<\/strong><\/p>\n\n\n\n<figure class=\"wp-block-table\"><table><tbody><tr><td><strong>Ministerio Educaci\u00f3n Rep\u00fablica Dominicana<\/strong><\/td><\/tr><\/tbody><\/table><\/figure>\n","protected":false},"excerpt":{"rendered":"<p>diariodominicano.com Puerto Plata, R. D., 8 de agosto, 2021.-\u00a0 La direcci\u00f3n de Cultura del ministerio de Educaci\u00f3n realiz\u00f3 este s\u00e1bado en Puerto Plata, el cuarto Encuentro Regional de Escritores y Profesores de Literatura con el tema \u201cEl h\u00e1bito de la lectura como elemento esencial de la educaci\u00f3n\u201d. El director de Cultura Luis R. Santos explic\u00f3 [&hellip;]<\/p>\n","protected":false},"author":5,"featured_media":291502,"comment_status":"closed","ping_status":"","sticky":true,"template":"","format":"standard","meta":{"footnotes":""},"categories":[20,27],"tags":[],"class_list":["post-291501","post","type-post","status-publish","format-standard","has-post-thumbnail","hentry","category-dominicana-hoy","category-portada"],"_links":{"self":[{"href":"https:\/\/diariodominicano.com\/index.php?rest_route=\/wp\/v2\/posts\/291501","targetHints":{"allow":["GET"]}}],"collection":[{"href":"https:\/\/diariodominicano.com\/index.php?rest_route=\/wp\/v2\/posts"}],"about":[{"href":"https:\/\/diariodominicano.com\/index.php?rest_route=\/wp\/v2\/types\/post"}],"author":[{"embeddable":true,"href":"https:\/\/diariodominicano.com\/index.php?rest_route=\/wp\/v2\/users\/5"}],"replies":[{"embeddable":true,"href":"https:\/\/diariodominicano.com\/index.php?rest_route=%2Fwp%2Fv2%2Fcomments&post=291501"}],"version-history":[{"count":1,"href":"https:\/\/diariodominicano.com\/index.php?rest_route=\/wp\/v2\/posts\/291501\/revisions"}],"predecessor-version":[{"id":291503,"href":"https:\/\/diariodominicano.com\/index.php?rest_route=\/wp\/v2\/posts\/291501\/revisions\/291503"}],"wp:featuredmedia":[{"embeddable":true,"href":"https:\/\/diariodominicano.com\/index.php?rest_route=\/wp\/v2\/media\/291502"}],"wp:attachment":[{"href":"https:\/\/diariodominicano.com\/index.php?rest_route=%2Fwp%2Fv2%2Fmedia&parent=291501"}],"wp:term":[{"taxonomy":"category","embeddable":true,"href":"https:\/\/diariodominicano.com\/index.php?rest_route=%2Fwp%2Fv2%2Fcategories&post=291501"},{"taxonomy":"post_tag","embeddable":true,"href":"https:\/\/diariodominicano.com\/index.php?rest_route=%2Fwp%2Fv2%2Ftags&post=291501"}],"curies":[{"name":"wp","href":"https:\/\/api.w.org\/{rel}","templated":true}]}}