{"id":291499,"date":"2021-08-08T23:01:31","date_gmt":"2021-08-09T03:01:31","guid":{"rendered":"http:\/\/diariodominicano.com\/?p=291499"},"modified":"2021-08-08T23:01:31","modified_gmt":"2021-08-09T03:01:31","slug":"reconocimiento-a-leo-a-su-valiosa-y-discreta-militancia","status":"publish","type":"post","link":"https:\/\/diariodominicano.com\/?p=291499","title":{"rendered":"Reconocimiento a Leo: a su valiosa y discreta militancia"},"content":{"rendered":"\n<p>Por Narciso Isa Conde<\/p>\n\n\n\n<p>Le\u00f3nidas Cuevas And\u00fajar (cari\u00f1osamente Leo) falleci\u00f3 anoche fulminado por la tristemente famosa Covid 19.<\/p>\n\n\n\n<p>Lo conoc\u00ed&nbsp; hace unos once a\u00f1os en LAUSARA, un centro de dise\u00f1os e impresiones ubicado en Ciudad Colonial donde realiz\u00e1bamos una parte importante de la propaganda impresa y digital del Movimiento Caama\u00f1ista- MC, Izquierda Revolucionaria-Mando y movimientos sociales en lucha.<\/p>\n\n\n\n<p>Entonces Leo era una especie de dise\u00f1ador y diagramador estrella de ese centro, un artista digital de buen calibre. Un ser humano talentoso y apacible.<\/p>\n\n\n\n<p>Me pareci\u00f3 la persona ideal para emprender el proyecto de la versi\u00f3n papel de Tiro Al Blanco en formato tabloide y nos pusimos de acuerdo para que \u00e9l fuera su diagramador y artista gr\u00e1fico.<\/p>\n\n\n\n<p>Desde marzo del 2011 comenzamos a trabajar para que <strong>TIRO AL BLANCO<\/strong>, \u201c<strong>Pensamiento y Acci\u00f3n del Movimiento Caama\u00f1ista (MC) y Fuerzas Transformadoras\u201d<\/strong><strong> <\/strong>cumpliera el rol asignado a esa publicaci\u00f3n peri\u00f3dica, una especie de peri\u00f3dico-revista muy bien graficado.&nbsp; El camarada F\u00e9lix Tejeda (tambi\u00e9n victima de la COVID 1 9) fue designado Director y yo decid\u00ed aportar todo lo posible a su realizaci\u00f3n y continuidad.<\/p>\n\n\n\n<p>Recuerdo su primera edici\u00f3n, la cual marc\u00f3 el tono contestatario de su persistente trayectoria entrelazada con la edici\u00f3n radio-televisiva diaria del Tiro al Blanco original:<\/p>\n\n\n\n<ul class=\"wp-block-list\"><li>En primer plana estos dos t\u00edtulos: <strong>VICINI Y LEONEL ASALTAN ZONA HIST\u00d3RICA DE LA CAPITAL \/\/ MONTOYA Y P.N. CREAN PARAMILITARES. (# 1 marzo 2011)<\/strong><\/li><\/ul>\n\n\n\n<p>Temas a\u00fan vigentes. El de los Vicini todav\u00eda impune. El de Montoya y \u00c1lvaro Uribe con una lucecita al final del t\u00fanel.<\/p>\n\n\n\n<p>A la primera edici\u00f3n le han seguido 51 impactantes tiradas y otra actualmente en proceso de diagramaci\u00f3n, la # 53, precisamente cuando sobre Leo y su fr\u00e1gil salud cay\u00f3 todo el peso de una de las cepas de esta terrible pandemia manipulada como fuente de expansi\u00f3n y concentraci\u00f3n del implacable gran capital.<\/p>\n\n\n\n<p>Una colecci\u00f3n que representa un valioso pliego del pensamiento cr\u00edtico dominicano y mundial combinado con arte digital. Cada edici\u00f3n con el sello art\u00edstico de Leonidas Cuevas Andujar.<\/p>\n\n\n\n<p>Con Leo creamos una relaci\u00f3n de armon\u00eda sin par, haciendo confluir el an\u00e1lisis agudo, la denuncia audaz, el arte y el marxismo revolucionario en esa singular publicaci\u00f3n. El v\u00ednculo trascendi\u00f3 el proyecto\u2026 hasta dar paso a una gran amistad y fuerte camarader\u00eda. Leo creci\u00f3 pol\u00edticamente hasta incorporarse discretamente al MC<\/p>\n\n\n\n<p>Leo asumi\u00f3 de manera natural el compromiso pol\u00edtico desde sus habilidades como dise\u00f1ador y diagramador. Tan natural como la ternura que le brindaba a sus tres nietecitos.<\/p>\n\n\n\n<p>Am\u00f3 ese esfuerzo mucho m\u00e1s all\u00e1 de la modesta remuneraci\u00f3n que le representaba. Ve\u00eda y escuchaba diariamente Tiro al Blanco-TV. Esperaba ansioso cada edici\u00f3n de su versi\u00f3n papel y la distribu\u00eda entre sus amistades y familiares.<\/p>\n\n\n\n<p>Leo -junto a los aportes gr\u00e1ficos y de arte digital del camarada Alfredo Pierre- es autor de una impresionante colecci\u00f3n de afiches, logos, barners, plotters, flyer, carteles, promociones, anuncios\u2026 relacionados con las luchas del Movimiento Caama\u00f1ista, Izquierda Revolucionaria-Mando-Cambio Radical, con nuestros aportes a la causa LOMA MIRANDA\u2013PARQUE NACIONAL, a los combates del movimiento ambiental, al movimiento feminista y de mujeres, a Marcha Verde, a las protestas sociales, a la solidaridad internacionalista.<\/p>\n\n\n\n<p>Leo milit\u00f3 y le dio colorido a nuestras fiestas de fin de a\u00f1o en el CODIA.<\/p>\n\n\n\n<p>No podemos permitir que sus discretos pero valiosos queden en el anonimato que muchas veces impune la necesidad de sobrevivir frente un poder que margina talentos y empobrece a una gran parte de la sociedad.<\/p>\n\n\n\n<p>Leo le dedic\u00f3 en trabajo creativo, durante m\u00e1s diez a\u00f1os, una parte de su esfuerzo y talento demandado por luchas realmente trascendente.<\/p>\n\n\n\n<p>Sus familiares, sus amistades, sus colegas, nuestros camaradas, nuestro pueblo y pueblos m\u00e1s all\u00e1 de nuestras fronteras, deben conocer sus obras y sus aportes.<\/p>\n\n\n\n<p>El soldado desconocido, el militante discreto, merece ser conocido y reconocido.<\/p>\n\n\n\n<p>Este es un primer homenaje a un ser que apreci\u00e9 de coraz\u00f3n.<\/p>\n\n\n\n<p>Su ejemplo aporta a las diversas modalidades de militancia posible. A la importancia de la flexibilidad sin desmedro del compromiso en los procesos de liberaci\u00f3n de los bueblos y la conformaci\u00f3n de las vanguardias transformadoras.<\/p>\n\n\n\n<p>\u00a1Hasta siempre querido camarada y amigo!<\/p>\n\n\n\n<p>\u00a1No habr\u00e1 olvido!<\/p>\n","protected":false},"excerpt":{"rendered":"<p>Por Narciso Isa Conde Le\u00f3nidas Cuevas And\u00fajar (cari\u00f1osamente Leo) falleci\u00f3 anoche fulminado por la tristemente famosa Covid 19. Lo conoc\u00ed&nbsp; hace unos once a\u00f1os en LAUSARA, un centro de dise\u00f1os e impresiones ubicado en Ciudad Colonial donde realiz\u00e1bamos una parte importante de la propaganda impresa y digital del Movimiento Caama\u00f1ista- MC, Izquierda Revolucionaria-Mando y movimientos [&hellip;]<\/p>\n","protected":false},"author":5,"featured_media":0,"comment_status":"closed","ping_status":"","sticky":true,"template":"","format":"standard","meta":{"footnotes":""},"categories":[19,27],"tags":[],"class_list":["post-291499","post","type-post","status-publish","format-standard","hentry","category-mi-voz","category-portada"],"_links":{"self":[{"href":"https:\/\/diariodominicano.com\/index.php?rest_route=\/wp\/v2\/posts\/291499","targetHints":{"allow":["GET"]}}],"collection":[{"href":"https:\/\/diariodominicano.com\/index.php?rest_route=\/wp\/v2\/posts"}],"about":[{"href":"https:\/\/diariodominicano.com\/index.php?rest_route=\/wp\/v2\/types\/post"}],"author":[{"embeddable":true,"href":"https:\/\/diariodominicano.com\/index.php?rest_route=\/wp\/v2\/users\/5"}],"replies":[{"embeddable":true,"href":"https:\/\/diariodominicano.com\/index.php?rest_route=%2Fwp%2Fv2%2Fcomments&post=291499"}],"version-history":[{"count":1,"href":"https:\/\/diariodominicano.com\/index.php?rest_route=\/wp\/v2\/posts\/291499\/revisions"}],"predecessor-version":[{"id":291500,"href":"https:\/\/diariodominicano.com\/index.php?rest_route=\/wp\/v2\/posts\/291499\/revisions\/291500"}],"wp:attachment":[{"href":"https:\/\/diariodominicano.com\/index.php?rest_route=%2Fwp%2Fv2%2Fmedia&parent=291499"}],"wp:term":[{"taxonomy":"category","embeddable":true,"href":"https:\/\/diariodominicano.com\/index.php?rest_route=%2Fwp%2Fv2%2Fcategories&post=291499"},{"taxonomy":"post_tag","embeddable":true,"href":"https:\/\/diariodominicano.com\/index.php?rest_route=%2Fwp%2Fv2%2Ftags&post=291499"}],"curies":[{"name":"wp","href":"https:\/\/api.w.org\/{rel}","templated":true}]}}