{"id":291497,"date":"2021-08-08T22:50:58","date_gmt":"2021-08-09T02:50:58","guid":{"rendered":"http:\/\/diariodominicano.com\/?p=291497"},"modified":"2021-08-08T22:50:58","modified_gmt":"2021-08-09T02:50:58","slug":"decomisan-90-paquetes-de-drogas-en-dominicana","status":"publish","type":"post","link":"https:\/\/diariodominicano.com\/?p=291497","title":{"rendered":"Decomisan 90 paquetes de drogas en Dominicana"},"content":{"rendered":"\n<p>diariodominicano.com<\/p>\n\n\n\n<p>Santo Domingo, 8 ago (Prensa Latina) La Direcci\u00f3n Nacional de Control de Drogas de la Rep\u00fablica Dominicana (DNCD), decomis\u00f3 hoy 90 paquetes de presunta coca\u00edna durante un operativo efectuado en la provincia Azua.<\/p>\n\n\n\n<p><br>Seg\u00fan la DNCD, los agentes antinarc\u00f3ticos apoyados por efectivos militares, detuvieron al conductor de un veh\u00edculo tipo gr\u00faa, y a su ayudante, que transportaban una ambulancia.<\/p>\n\n\n\n<p>En medio de la operaci\u00f3n, al inspeccionarse el veh\u00edculo, en la parte trasera estaban los 90 paquetes de drogas.<\/p>\n\n\n\n<p>Los detenidos fueron puestos a disposici\u00f3n del Ministerio P\u00fablico y los bultos enviados bajo cadena de custodia al Instituto Nacional de Ciencias Forenses para los fines correspondientes.<\/p>\n\n\n\n<p>jha\/ema<\/p>\n","protected":false},"excerpt":{"rendered":"<p>diariodominicano.com Santo Domingo, 8 ago (Prensa Latina) La Direcci\u00f3n Nacional de Control de Drogas de la Rep\u00fablica Dominicana (DNCD), decomis\u00f3 hoy 90 paquetes de presunta coca\u00edna durante un operativo efectuado en la provincia Azua. Seg\u00fan la DNCD, los agentes antinarc\u00f3ticos apoyados por efectivos militares, detuvieron al conductor de un veh\u00edculo tipo gr\u00faa, y a su [&hellip;]<\/p>\n","protected":false},"author":5,"featured_media":283582,"comment_status":"closed","ping_status":"","sticky":true,"template":"","format":"standard","meta":{"footnotes":""},"categories":[24,27],"tags":[],"class_list":["post-291497","post","type-post","status-publish","format-standard","has-post-thumbnail","hentry","category-justicia-y-derecho","category-portada"],"_links":{"self":[{"href":"https:\/\/diariodominicano.com\/index.php?rest_route=\/wp\/v2\/posts\/291497","targetHints":{"allow":["GET"]}}],"collection":[{"href":"https:\/\/diariodominicano.com\/index.php?rest_route=\/wp\/v2\/posts"}],"about":[{"href":"https:\/\/diariodominicano.com\/index.php?rest_route=\/wp\/v2\/types\/post"}],"author":[{"embeddable":true,"href":"https:\/\/diariodominicano.com\/index.php?rest_route=\/wp\/v2\/users\/5"}],"replies":[{"embeddable":true,"href":"https:\/\/diariodominicano.com\/index.php?rest_route=%2Fwp%2Fv2%2Fcomments&post=291497"}],"version-history":[{"count":1,"href":"https:\/\/diariodominicano.com\/index.php?rest_route=\/wp\/v2\/posts\/291497\/revisions"}],"predecessor-version":[{"id":291498,"href":"https:\/\/diariodominicano.com\/index.php?rest_route=\/wp\/v2\/posts\/291497\/revisions\/291498"}],"wp:featuredmedia":[{"embeddable":true,"href":"https:\/\/diariodominicano.com\/index.php?rest_route=\/wp\/v2\/media\/283582"}],"wp:attachment":[{"href":"https:\/\/diariodominicano.com\/index.php?rest_route=%2Fwp%2Fv2%2Fmedia&parent=291497"}],"wp:term":[{"taxonomy":"category","embeddable":true,"href":"https:\/\/diariodominicano.com\/index.php?rest_route=%2Fwp%2Fv2%2Fcategories&post=291497"},{"taxonomy":"post_tag","embeddable":true,"href":"https:\/\/diariodominicano.com\/index.php?rest_route=%2Fwp%2Fv2%2Ftags&post=291497"}],"curies":[{"name":"wp","href":"https:\/\/api.w.org\/{rel}","templated":true}]}}