{"id":291459,"date":"2021-08-09T02:20:38","date_gmt":"2021-08-09T06:20:38","guid":{"rendered":"http:\/\/diariodominicano.com\/?p=291459"},"modified":"2021-08-09T02:24:10","modified_gmt":"2021-08-09T06:24:10","slug":"concejal-se-propone-convertir-parque-inwood-en-pulmon-residentes-alto-manhattan","status":"publish","type":"post","link":"https:\/\/diariodominicano.com\/?p=291459","title":{"rendered":"Concejal se propone convertir parque Inwood en pulm\u00f3n residentes Alto Manhattan"},"content":{"rendered":"\n<p><strong>Por Ram\u00f3n Mercedes<\/strong><\/p>\n\n\n\n<p><strong>NUEVA YORK.-<\/strong>\u00a0El concejal por el distrito 10 en esta ciudad, Ydanis Rodr\u00edguez, se propone convertir el \u201cInwood Hill Park\u201d, ubicado en la avenida Payson, entre las calles 207 y Dyckman, en un verdadero pulm\u00f3n natural para beneficios de los residentes en el Alto Manhattan. <\/p>\n\n\n\n<p>Durante un reciente recorrido que Rodr\u00edguez encabezara, acompa\u00f1ado del Comisionado de Parques de NYC, William T. Castro; la presidente del condado de Manhattan, Gale Brewer; y el senador estatal Robert Jackson, entre otros oficiales electos.<\/p>\n\n\n\n<p>Asimismo, del presidente de la Junta Comunal 12, Eleazar Buenos, y decenas de dirigentes comunitarios, pol\u00edticos y ciudadanos comunes, atravesaron las diferentes zonas boscosas, abandonadas, durante la caminata por cerca de dos horas, verificando las necesidades del parque y escuchando las demandas de sus vecinos.<\/p>\n\n\n\n<p>Por su parte, el concejal manifest\u00f3 que el motivo del recorrido es para seguir justificando las necesidades que la ciudad debe invertir en este parque, a\u00f1adiendo, en lo que tengo como concejal hemos puesto cerca de 200 millones de d\u00f3lares en los parques del Alto Manhattan, entre ellos Washington Park, Fort Tryon Park, Highbridge Park e Inwood Hill Park.<\/p>\n\n\n\n<p>Con esta caminata venimos a reafirmar que estamos decididos a tomar los parques en nuestras manos para la comunidad, la familia, ni\u00f1os, mujeres, y saber que es seguros caminar por ellos, precis\u00f3.<\/p>\n\n\n\n<p>\u201cEste es el pulm\u00f3n del aire que respiramos nosotros, por lo tanto, debemos cuidarlos, esperando que se pongan m\u00e1s luces, c\u00e1maras, que se desplieguen m\u00e1s polic\u00edas. Hoy se anunci\u00f3 la instalaci\u00f3n permanente de un sargento y cinco polic\u00edas, pero nosotros seguiremos luchando para que sean 25 los agentes en este lugar, y cuando Eric Adams se convierta en el alcalde tambi\u00e9n lucharemos la situaci\u00f3n, sentenci\u00f3 Rodr\u00edguez.&nbsp;<\/p>\n\n\n\n<p>El presidente de la Junta Comunal 12, Eleazar Bueno, expres\u00f3 \u201ceste parque es una joya, de los \u00faltimos bosques de la foresta en la isla de Manhattan, y las personas que abogan por la ambientaci\u00f3n y el ciudadano de la tierra este es el lugar perfecto para ellos.<\/p>\n\n\n\n<p>Queremos rescatarlo, hacerlo y potencializarlo para que la comunidad entienda que este es un lugar para todos\u201d, precis\u00f3<\/p>\n\n\n\n<p>En dicho parque hay un \u00e1rbol con m\u00e1s de 300 a\u00f1os, antes que la guerra de Independencia de los Estados Unidos (1775-1783), asimismo, el lugar espec\u00edfico donde Peter Minuit, director de una compa\u00f1\u00eda holandesa en EUA, compr\u00f3 la isla de Manhattan a los ind\u00edgenas del \u00e1rea (24 de mayo 1626) a los ind\u00edgenas de la isla por 60 florines holandeses, unos 24 d\u00f3lares para la \u00e9poca.<\/p>\n\n\n\n<p>Tambi\u00e9n hablaron durante el acto el Comisionado de Parques, la presidente del condado de Manhattan, y el senador estatal, entre otros. <\/p>\n\n\n\n<figure class=\"wp-block-embed is-type-video is-provider-youtube wp-block-embed-youtube wp-embed-aspect-16-9 wp-has-aspect-ratio\"><div class=\"wp-block-embed__wrapper\">\n<iframe loading=\"lazy\" title=\"Concejal convertira parque Alto Manhattan en pulm\u00f3n aire puro beneficie sus habitantes\" width=\"616\" height=\"347\" src=\"https:\/\/www.youtube.com\/embed\/V5w_4Mai1bY?feature=oembed\" frameborder=\"0\" allow=\"accelerometer; autoplay; clipboard-write; encrypted-media; gyroscope; picture-in-picture; web-share\" referrerpolicy=\"strict-origin-when-cross-origin\" allowfullscreen><\/iframe>\n<\/div><\/figure>\n","protected":false},"excerpt":{"rendered":"<p>Por Ram\u00f3n Mercedes NUEVA YORK.-\u00a0El concejal por el distrito 10 en esta ciudad, Ydanis Rodr\u00edguez, se propone convertir el \u201cInwood Hill Park\u201d, ubicado en la avenida Payson, entre las calles 207 y Dyckman, en un verdadero pulm\u00f3n natural para beneficios de los residentes en el Alto Manhattan. Durante un reciente recorrido que Rodr\u00edguez encabezara, acompa\u00f1ado [&hellip;]<\/p>\n","protected":false},"author":7,"featured_media":0,"comment_status":"closed","ping_status":"","sticky":true,"template":"","format":"standard","meta":{"footnotes":""},"categories":[23,27],"tags":[],"class_list":["post-291459","post","type-post","status-publish","format-standard","hentry","category-internacional","category-portada"],"_links":{"self":[{"href":"https:\/\/diariodominicano.com\/index.php?rest_route=\/wp\/v2\/posts\/291459","targetHints":{"allow":["GET"]}}],"collection":[{"href":"https:\/\/diariodominicano.com\/index.php?rest_route=\/wp\/v2\/posts"}],"about":[{"href":"https:\/\/diariodominicano.com\/index.php?rest_route=\/wp\/v2\/types\/post"}],"author":[{"embeddable":true,"href":"https:\/\/diariodominicano.com\/index.php?rest_route=\/wp\/v2\/users\/7"}],"replies":[{"embeddable":true,"href":"https:\/\/diariodominicano.com\/index.php?rest_route=%2Fwp%2Fv2%2Fcomments&post=291459"}],"version-history":[{"count":3,"href":"https:\/\/diariodominicano.com\/index.php?rest_route=\/wp\/v2\/posts\/291459\/revisions"}],"predecessor-version":[{"id":291551,"href":"https:\/\/diariodominicano.com\/index.php?rest_route=\/wp\/v2\/posts\/291459\/revisions\/291551"}],"wp:attachment":[{"href":"https:\/\/diariodominicano.com\/index.php?rest_route=%2Fwp%2Fv2%2Fmedia&parent=291459"}],"wp:term":[{"taxonomy":"category","embeddable":true,"href":"https:\/\/diariodominicano.com\/index.php?rest_route=%2Fwp%2Fv2%2Fcategories&post=291459"},{"taxonomy":"post_tag","embeddable":true,"href":"https:\/\/diariodominicano.com\/index.php?rest_route=%2Fwp%2Fv2%2Ftags&post=291459"}],"curies":[{"name":"wp","href":"https:\/\/api.w.org\/{rel}","templated":true}]}}