{"id":291436,"date":"2021-08-08T17:03:42","date_gmt":"2021-08-08T21:03:42","guid":{"rendered":"http:\/\/diariodominicano.com\/?p=291436"},"modified":"2021-08-08T17:04:17","modified_gmt":"2021-08-08T21:04:17","slug":"autoridades-del-sector-electrico-garantizan-el-98-de-la-demanda-de-energia-a-nivel-nacional","status":"publish","type":"post","link":"https:\/\/diariodominicano.com\/?p=291436","title":{"rendered":"Autoridades del sector el\u00e9ctrico garantizan el 98% de la demanda de energ\u00eda a nivel nacional"},"content":{"rendered":"\n<p>diariodominicano.com<\/p>\n\n\n\n<p>Santo  Domingo, R. D.,  8 de agosto, 2021.- La Empresa de Transmisi\u00f3n El\u00e9ctrica Dominicana (ETED), el Consejo Unificado de las Empresas Distribuidoras de Electricidad y EDENORTE informaron que,&nbsp;para mantener en \u00f3ptimas condiciones la infraestructura el\u00e9ctrica nacional,&nbsp;realizan un amplio programa de trabajo para mejorar el servicio el\u00e9ctrico de todo el pa\u00eds.<\/p>\n\n\n\n<p>Explicaron que con esos trabajos se procura tambi\u00e9n garantizar un transporte de energ\u00eda en alta tensi\u00f3n acorde a los requerimientos del pa\u00eds y que por ese motivo ocurrieron los apagones del 7 de agosto en varias provincias del pa\u00eds.<\/p>\n\n\n\n<p>La informaci\u00f3n la dio a conocer el administrador de la Empresa de Transmisi\u00f3n El\u00e9ctrica Dominicana (ETED), Mart\u00edn Robles, junto al &nbsp;vicepresidente ejecutivo de las Empresas Distribuidoras de Electricidad y&nbsp;secretario del Consejo Unificado de las Empresas Distribuidoras de Electricidad, Andr\u00e9s&nbsp;Astacio&nbsp;y el gerente general de la Empresa Distribuidora de Electricidad del Norte (Edenorte), Andr\u00e9s Cueto Rosario.<\/p>\n\n\n\n<p>Robles explic\u00f3 que el trabajo de interconexi\u00f3n de la nueva subestaci\u00f3n Bonao III,&nbsp;que realiza la ETED,&nbsp;implica dejar de transmitir energ\u00eda a trav\u00e9s de las l\u00edneas que van desde&nbsp;Canabacoa&nbsp;a Piedra Blanca y desde Piedra Blanca a Julio Sauri.<\/p>\n\n\n\n<p>Precis\u00f3 que estos trabajos que se realizan afectaron diferentes puntos del pa\u00eds, en especial las provincias Espaillat, La Vega, Moca, Santiago, Duarte y Monse\u00f1or&nbsp;Nouel.<\/p>\n\n\n\n<p>\u201cEste trabajo de interconexi\u00f3n dar\u00e1 una mayor estabilidad energ\u00e9tica a la zona&nbsp;norte con cuatro nuevas l\u00edneas 345&nbsp;kV: Bonao III &#8211; Naranjo L1 y L2; y Bonao III &#8211; Julio Sauri L1 y L2. Adem\u00e1s, las unidades de&nbsp;generaci\u00f3n&nbsp;Quisqueya&nbsp;1 y 2 operar\u00e1n con una mayor y mejor confiabilidad en el Sistema El\u00e9ctrico Nacional Interconectado (SENI)\u201d, manifest\u00f3 el funcionario.<\/p>\n\n\n\n<p>Sostuvo que con la entrada en funcionamiento de esta nueva estaci\u00f3n se podr\u00e1 duplicar la capacidad de transporte de energ\u00eda a la regi\u00f3n norte \u201cy as\u00ed acabaremos definitivamente con el viejo problema de las interrupciones del servicio el\u00e9ctrico por restricciones de l\u00ednea\u201d.<\/p>\n\n\n\n<p>El administrador de ETED dijo que estos trabajos, que llevaban varios a\u00f1os de retraso, estar\u00e1n terminados hoy domingo 8 de agosto, lo que permitir\u00e1 normalizar el servicio el\u00e9ctrico en la zona.<\/p>\n\n\n\n<p>\u201cEl resumen de la situaci\u00f3n el\u00e9ctrica diaria emitido el 7\/08\/21 por la Direcci\u00f3n de Operaciones del Centro de Control de Energ\u00eda de la Empresa de Transmisi\u00f3n El\u00e9ctrica Dominicana (ETED) indica que de los 2,580 MW programados por el Sistema El\u00e9ctrico Nacional Interconectado se abastecieron 2,472 MW\u201d, explic\u00f3.<\/p>\n\n\n\n<p>Sostuvo que eso significa que ese d\u00eda la generaci\u00f3n supli\u00f3 el 100% de la demanda nacional.<\/p>\n\n\n\n<p>Mart\u00edn Robles pidi\u00f3 disculpas por los inconvenientes, \u201cen nombre de la ETED y de todo el sector el\u00e9ctrico pedimos excusas por los inconvenientes causados a toda la poblaci\u00f3n por la realizaci\u00f3n de intervenciones que procuran garantizar un transporte de energ\u00eda en alta tensi\u00f3n acorde a los requerimientos del pa\u00eds\u201d.<\/p>\n\n\n\n<p>Fuente:  Direcci\u00f3n de Prensa<\/p>\n\n\n\n<p>Presidente de la Rep\u00fablica Dominicana<\/p>\n\n\n\n<p><\/p>\n","protected":false},"excerpt":{"rendered":"<p>diariodominicano.com Santo Domingo, R. D., 8 de agosto, 2021.- La Empresa de Transmisi\u00f3n El\u00e9ctrica Dominicana (ETED), el Consejo Unificado de las Empresas Distribuidoras de Electricidad y EDENORTE informaron que,&nbsp;para mantener en \u00f3ptimas condiciones la infraestructura el\u00e9ctrica nacional,&nbsp;realizan un amplio programa de trabajo para mejorar el servicio el\u00e9ctrico de todo el pa\u00eds. Explicaron que con esos [&hellip;]<\/p>\n","protected":false},"author":5,"featured_media":291439,"comment_status":"closed","ping_status":"","sticky":true,"template":"","format":"standard","meta":{"footnotes":""},"categories":[20,27],"tags":[],"class_list":["post-291436","post","type-post","status-publish","format-standard","has-post-thumbnail","hentry","category-dominicana-hoy","category-portada"],"_links":{"self":[{"href":"https:\/\/diariodominicano.com\/index.php?rest_route=\/wp\/v2\/posts\/291436","targetHints":{"allow":["GET"]}}],"collection":[{"href":"https:\/\/diariodominicano.com\/index.php?rest_route=\/wp\/v2\/posts"}],"about":[{"href":"https:\/\/diariodominicano.com\/index.php?rest_route=\/wp\/v2\/types\/post"}],"author":[{"embeddable":true,"href":"https:\/\/diariodominicano.com\/index.php?rest_route=\/wp\/v2\/users\/5"}],"replies":[{"embeddable":true,"href":"https:\/\/diariodominicano.com\/index.php?rest_route=%2Fwp%2Fv2%2Fcomments&post=291436"}],"version-history":[{"count":2,"href":"https:\/\/diariodominicano.com\/index.php?rest_route=\/wp\/v2\/posts\/291436\/revisions"}],"predecessor-version":[{"id":291440,"href":"https:\/\/diariodominicano.com\/index.php?rest_route=\/wp\/v2\/posts\/291436\/revisions\/291440"}],"wp:featuredmedia":[{"embeddable":true,"href":"https:\/\/diariodominicano.com\/index.php?rest_route=\/wp\/v2\/media\/291439"}],"wp:attachment":[{"href":"https:\/\/diariodominicano.com\/index.php?rest_route=%2Fwp%2Fv2%2Fmedia&parent=291436"}],"wp:term":[{"taxonomy":"category","embeddable":true,"href":"https:\/\/diariodominicano.com\/index.php?rest_route=%2Fwp%2Fv2%2Fcategories&post=291436"},{"taxonomy":"post_tag","embeddable":true,"href":"https:\/\/diariodominicano.com\/index.php?rest_route=%2Fwp%2Fv2%2Ftags&post=291436"}],"curies":[{"name":"wp","href":"https:\/\/api.w.org\/{rel}","templated":true}]}}