{"id":291433,"date":"2021-08-08T16:51:49","date_gmt":"2021-08-08T20:51:49","guid":{"rendered":"http:\/\/diariodominicano.com\/?p=291433"},"modified":"2021-08-08T16:51:49","modified_gmt":"2021-08-08T20:51:49","slug":"inflacion-temporal-de-peru-golpea-bolsillo-de-ciudadanos","status":"publish","type":"post","link":"https:\/\/diariodominicano.com\/?p=291433","title":{"rendered":"Inflaci\u00f3n \u00abtemporal\u00bb de Per\u00fa golpea bolsillo de ciudadanos"},"content":{"rendered":"\n<p>diariodominicano.com<a rel=\"noreferrer noopener\" href=\"http:\/\/home.xinhua-news.com\/gdsdetailxhs\/share\/9810048-?pageflag=iframe\" target=\"_blank\"><\/a><\/p>\n\n\n\n<pre id=\"text-news-description\" class=\"wp-block-preformatted\">   Por Jos\u00e9 Aguiar\n   LIMA, 8 ago (Xinhua) -- El alza de precios que Per\u00fa ha registrado en las \u00faltimas semanas y que el gobierno ha calificado de \"coyuntural\" o \"temporal\", afecta cada d\u00eda m\u00e1s a los ciudadanos, quienes deben hacer ajustes en sus presupuestos, seg\u00fan el se\u00f1alamiento de expertos y de los propios afectados.\n   \"Ha subido todo. En realidad, en mayor medida ha subido la carne, los huevos y sus derivados. Las verduras han subido mucho, las frutas, las menestras, todo, no hay nada que est\u00e9 estable\", dijo a Xinhua desde un populoso mercado de la ciudad de Lima, Marco Sol\u00eds.\n   La moneda peruana, que durante las semanas previas a la asunci\u00f3n del nuevo gobierno del presidente Pedro Castillo, el 28 de julio, fluctu\u00f3 entre los 3,7 y los 3,9 soles por d\u00f3lar, en d\u00edas pasados rompi\u00f3 la barrera de las 4 unidades por divisa estadounidense, lo que gener\u00f3 el alza de productos, especialmente los importados.\n   El ministro de Econom\u00eda y Finanzas de Per\u00fa, Pedro Francke, sostuvo que este \"hipo inflacionario\" se debe principalmente a factores externos como el alza \"fort\u00edsima\" del precio del petr\u00f3leo y otras materias primas en los mercados internacionales.\n   Mencion\u00f3 que aunque la inflaci\u00f3n se encuentra \"dentro del rango de meta\" proyectado para este a\u00f1o de entre el 1 y el 3 el por ciento, cifras del Banco Central de Reservas del Per\u00fa apuntan que entre agosto de 2020 y julio de 2021 pas\u00f3 la l\u00ednea y lleg\u00f3 al 3,81 por ciento.\n   En julio de este a\u00f1o, el aumento de precios fue del 1,01 por ciento, generado en parte por el alza en alquiler de vivienda, combustible y electricidad (2,37 por ciento); alimentos y bebidas (1,51 por ciento); y comunicaciones y transporte (0,92 por ciento), seg\u00fan cifras del Instituto Nacional de Estad\u00edstica e Inform\u00e1tica.\n   Expertos han coincidido en que la inflaci\u00f3n \"temporal\" se debe a la incertidumbre que afronta la naci\u00f3n en el \u00e1mbito econ\u00f3mico.\n   \"Esta incertidumbre est\u00e1 afectando la inversi\u00f3n, las proyecciones de crecimiento, el nivel de actividad comercial, la posibilidad de empleo de las personas\", manifest\u00f3 en conversaci\u00f3n con Xinhua el director del Observatorio Latinoamericano de Gesti\u00f3n y Desarrollo, Juan Mart\u00ednez Ortiz.\n   Apunt\u00f3 que entre los planteamientos gubernamentales que contribuyen a esa incertidumbre est\u00e1 el de una nueva Constituci\u00f3n, la expansi\u00f3n del gasto fiscal, el incremento de la actividad empresarial estatal y la nacionalizaci\u00f3n de recursos naturales.\n   En opini\u00f3n de Mart\u00ednez Ortiz, la nueva administraci\u00f3n debe lazar \"mensajes y acciones concretas que otorguen seguridad a la poblaci\u00f3n y a los actores econ\u00f3micos\", as\u00ed como \"dar se\u00f1ales de seguridad y de que se mantendr\u00e1 el modelo de econom\u00eda de libre mercado\".\n   En d\u00edas pasados, el ministro Francke coment\u00f3 al respecto que desde el nuevo gobierno no pretenden establecer un control de precios, ni un control de cambio\", ya que \"no corresponde en una econom\u00eda de libre mercado\".\n   En tanto, el economista Jorge Gonz\u00e1lez Izquierdo dijo a un medio local que la declaraci\u00f3n, entre otras, \"traen cierta tranquilidad a los agentes econ\u00f3micos\", aunque \"hay que observar su cumplimiento conforme pasa el tiempo\".\n   Pese a la situaci\u00f3n que vive el pa\u00eds, el presidente del Banco Central peruano, Julio Velarde, estim\u00f3 que la proyecci\u00f3n de crecimiento para este a\u00f1o se mantiene en un 10,5 por ciento, tras la ca\u00edda del 11,12 por ciento en 2020 debido a la pandemia.\n   Para el economista Carlos Aquino, sin embargo, es \"dif\u00edcil\" que la naci\u00f3n alcance ese crecimiento este a\u00f1o, debido a que ya \"estamos a mitad\" de 2021 y \"muchas decisiones de inversi\u00f3n se han postergado\". <\/pre>\n","protected":false},"excerpt":{"rendered":"<p>diariodominicano.com Por Jos\u00e9 Aguiar LIMA, 8 ago (Xinhua) &#8212; El alza de precios que Per\u00fa ha registrado en las \u00faltimas semanas y que el gobierno ha calificado de \u00abcoyuntural\u00bb o \u00abtemporal\u00bb, afecta cada d\u00eda m\u00e1s a los ciudadanos, quienes deben hacer ajustes en sus presupuestos, seg\u00fan el se\u00f1alamiento de expertos y de los propios afectados. [&hellip;]<\/p>\n","protected":false},"author":5,"featured_media":291434,"comment_status":"closed","ping_status":"","sticky":true,"template":"","format":"standard","meta":{"footnotes":""},"categories":[23,27],"tags":[],"class_list":["post-291433","post","type-post","status-publish","format-standard","has-post-thumbnail","hentry","category-internacional","category-portada"],"_links":{"self":[{"href":"https:\/\/diariodominicano.com\/index.php?rest_route=\/wp\/v2\/posts\/291433","targetHints":{"allow":["GET"]}}],"collection":[{"href":"https:\/\/diariodominicano.com\/index.php?rest_route=\/wp\/v2\/posts"}],"about":[{"href":"https:\/\/diariodominicano.com\/index.php?rest_route=\/wp\/v2\/types\/post"}],"author":[{"embeddable":true,"href":"https:\/\/diariodominicano.com\/index.php?rest_route=\/wp\/v2\/users\/5"}],"replies":[{"embeddable":true,"href":"https:\/\/diariodominicano.com\/index.php?rest_route=%2Fwp%2Fv2%2Fcomments&post=291433"}],"version-history":[{"count":1,"href":"https:\/\/diariodominicano.com\/index.php?rest_route=\/wp\/v2\/posts\/291433\/revisions"}],"predecessor-version":[{"id":291435,"href":"https:\/\/diariodominicano.com\/index.php?rest_route=\/wp\/v2\/posts\/291433\/revisions\/291435"}],"wp:featuredmedia":[{"embeddable":true,"href":"https:\/\/diariodominicano.com\/index.php?rest_route=\/wp\/v2\/media\/291434"}],"wp:attachment":[{"href":"https:\/\/diariodominicano.com\/index.php?rest_route=%2Fwp%2Fv2%2Fmedia&parent=291433"}],"wp:term":[{"taxonomy":"category","embeddable":true,"href":"https:\/\/diariodominicano.com\/index.php?rest_route=%2Fwp%2Fv2%2Fcategories&post=291433"},{"taxonomy":"post_tag","embeddable":true,"href":"https:\/\/diariodominicano.com\/index.php?rest_route=%2Fwp%2Fv2%2Ftags&post=291433"}],"curies":[{"name":"wp","href":"https:\/\/api.w.org\/{rel}","templated":true}]}}