{"id":291405,"date":"2021-08-08T15:57:45","date_gmt":"2021-08-08T19:57:45","guid":{"rendered":"http:\/\/diariodominicano.com\/?p=291405"},"modified":"2021-08-08T15:57:45","modified_gmt":"2021-08-08T19:57:45","slug":"anuncian-semana-lluviosa-para-republica-dominicana","status":"publish","type":"post","link":"https:\/\/diariodominicano.com\/?p=291405","title":{"rendered":"Anuncian semana lluviosa para Rep\u00fablica Dominicana"},"content":{"rendered":"\n<p>diariodominicano.com<\/p>\n\n\n\n<p>Santo Domingo, 8 ago (Prensa Latina) Dos sistemas meteorol\u00f3gicos relacionados con una vaguada superficial deben producir lluvias y tormentas el\u00e9ctricas para la semana entrante sobre la Rep\u00fablica Dominicana, anunci\u00f3 hoy una fuente especializada.<\/p>\n\n\n\n<p><br>Seg\u00fan la Oficina Nacional de Meteorolog\u00eda, el primer sistema est\u00e1 asociado a una baja presi\u00f3n, y el segundo es una onda tropical situada al oeste-central del Atl\u00e1ntico.<\/p>\n\n\n\n<p>Asimismo, los especialistas pronosticaron que el mar Caribe y el golfo de M\u00e9xico pueden ser afectados por ese segundo fen\u00f3meno, el cual de forma gradual puede desarrollarse mientras se mueve hacia el oeste-noroeste alcanzando a las Antillas Menores ma\u00f1ana.<\/p>\n\n\n\n<p>En cuanto a la baja presi\u00f3n, esta continuar\u00e1 produciendo lluvias, sobre todo en horas de las tardes, similar a la norma de los \u00faltimos d\u00edas.<\/p>\n\n\n\n<p>oda\/ema<\/p>\n\n\n\n<p><\/p>\n\n\n\n<p><\/p>\n","protected":false},"excerpt":{"rendered":"<p>diariodominicano.com Santo Domingo, 8 ago (Prensa Latina) Dos sistemas meteorol\u00f3gicos relacionados con una vaguada superficial deben producir lluvias y tormentas el\u00e9ctricas para la semana entrante sobre la Rep\u00fablica Dominicana, anunci\u00f3 hoy una fuente especializada. Seg\u00fan la Oficina Nacional de Meteorolog\u00eda, el primer sistema est\u00e1 asociado a una baja presi\u00f3n, y el segundo es una onda [&hellip;]<\/p>\n","protected":false},"author":5,"featured_media":291406,"comment_status":"closed","ping_status":"","sticky":true,"template":"","format":"standard","meta":{"footnotes":""},"categories":[20,27],"tags":[],"class_list":["post-291405","post","type-post","status-publish","format-standard","has-post-thumbnail","hentry","category-dominicana-hoy","category-portada"],"_links":{"self":[{"href":"https:\/\/diariodominicano.com\/index.php?rest_route=\/wp\/v2\/posts\/291405","targetHints":{"allow":["GET"]}}],"collection":[{"href":"https:\/\/diariodominicano.com\/index.php?rest_route=\/wp\/v2\/posts"}],"about":[{"href":"https:\/\/diariodominicano.com\/index.php?rest_route=\/wp\/v2\/types\/post"}],"author":[{"embeddable":true,"href":"https:\/\/diariodominicano.com\/index.php?rest_route=\/wp\/v2\/users\/5"}],"replies":[{"embeddable":true,"href":"https:\/\/diariodominicano.com\/index.php?rest_route=%2Fwp%2Fv2%2Fcomments&post=291405"}],"version-history":[{"count":1,"href":"https:\/\/diariodominicano.com\/index.php?rest_route=\/wp\/v2\/posts\/291405\/revisions"}],"predecessor-version":[{"id":291407,"href":"https:\/\/diariodominicano.com\/index.php?rest_route=\/wp\/v2\/posts\/291405\/revisions\/291407"}],"wp:featuredmedia":[{"embeddable":true,"href":"https:\/\/diariodominicano.com\/index.php?rest_route=\/wp\/v2\/media\/291406"}],"wp:attachment":[{"href":"https:\/\/diariodominicano.com\/index.php?rest_route=%2Fwp%2Fv2%2Fmedia&parent=291405"}],"wp:term":[{"taxonomy":"category","embeddable":true,"href":"https:\/\/diariodominicano.com\/index.php?rest_route=%2Fwp%2Fv2%2Fcategories&post=291405"},{"taxonomy":"post_tag","embeddable":true,"href":"https:\/\/diariodominicano.com\/index.php?rest_route=%2Fwp%2Fv2%2Ftags&post=291405"}],"curies":[{"name":"wp","href":"https:\/\/api.w.org\/{rel}","templated":true}]}}