{"id":291398,"date":"2021-08-08T15:48:21","date_gmt":"2021-08-08T19:48:21","guid":{"rendered":"http:\/\/diariodominicano.com\/?p=291398"},"modified":"2021-08-08T15:48:21","modified_gmt":"2021-08-08T19:48:21","slug":"un-ano-de-prision-preventiva-a-madre-acusada-de-quemar-hija-en-alma-rosa","status":"publish","type":"post","link":"https:\/\/diariodominicano.com\/?p=291398","title":{"rendered":"Un a\u00f1o de prisi\u00f3n preventiva a madre acusada de quemar hija en Alma Rosa"},"content":{"rendered":"\n<p>diariodominicano.com<\/p>\n\n\n\n<p>Santo Domingo, R. D.,  8 de agosto, 2021.-  La Oficina Judicial de Servicios de Atenci\u00f3n Permanente de Santo Domingo Este impuso este domingo un a\u00f1o de prisi\u00f3n preventiva a una mujer acusada de quemar a una hija de 22 a\u00f1os de edad, el pasado 3 de agosto, tras sostener una discusi\u00f3n en la vivienda de la v\u00edctima, en el sector Alma Rosa.<\/p>\n\n\n\n<p>Luego de ponderar las evidencias aportadas por el Ministerio P\u00fablico, el juez Bernardo Coplin impuso la medida de coerci\u00f3n a Kenia Mart\u00ednez Lara, imputada de incurrir en los delitos de asesinato, actos de barbarie, incendio y sustracci\u00f3n de menor de edad en perjuicio de su hija.<\/p>\n\n\n\n<p>Mart\u00ednez Lara cumplir\u00e1 la medida de coerci\u00f3n en el Centro de Correcci\u00f3n y Rehabilitaci\u00f3n Najayo Mujeres, en San Crist\u00f3bal.<\/p>\n\n\n\n<p>La solicitud de medida de coerci\u00f3n expresa que el hecho se produjo luego de&nbsp; que Mart\u00ednez Lara se presentara a la casa de su hija Estephany Garc\u00eda Mart\u00ednez, quien ten\u00eda 18 d\u00edas que hab\u00eda dado a luz a una ni\u00f1a.<\/p>\n\n\n\n<p>El documento precisa que mientras sosten\u00edan una discusi\u00f3n, Mart\u00ednez Lara utilizando una sustancia, inmoviliz\u00f3 a la hoy occisa, dej\u00e1ndola tendida en la cama. Explica&nbsp; que aproximadamente a las 4:00 de la madrugada del pasado 3 de agosto la imputada procedi\u00f3 a incendiar el cuerpo de su hija sobre la cama, ocasionando el incendio que termin\u00f3 por completo con la vida de la joven y posteriormente rapt\u00f3 a la ni\u00f1a y la escondi\u00f3.<\/p>\n\n\n\n<p>La imputada fue arrestada el pasado 4 de agosto mediante orden judicial por su vinculaci\u00f3n al hecho que ha recibido la calificaci\u00f3n jur\u00eddica de violaci\u00f3n a los art\u00edculos 295, 296, 297, 298, 302, 303-1, 303-2, 303-3, 354 t 434 del C\u00f3digo Penal Dominicano.&nbsp;<\/p>\n\n\n\n<p>Al ofrecer la informaci\u00f3n mediante un comunicado de prensa, el Ministerio P\u00fablico valor\u00f3 la medida de coerci\u00f3n impuesta, la cual dijo que es la m\u00e1s adecuada en este caso para garantizar la presencia de la imputada en el proceso judicial.<\/p>\n\n\n\n<p>Fuente:  <strong>Direcci\u00f3n de Comunicaci\u00f3n y Prensa<\/strong><\/p>\n\n\n\n<p><strong>Procuradur\u00eda General-Ministerio P\u00fablico RD<\/strong><\/p>\n\n\n\n<p><strong>Domingo, 8 de agosto de 2021<\/strong><\/p>\n\n\n\n<p><strong>Direcci\u00f3n General de Comunicaciones, Prensa y Relaciones P\u00fablicas<\/strong><\/p>\n\n\n\n<p>Procuradur\u00eda General de la Rep\u00fablica Dominicana<\/p>\n","protected":false},"excerpt":{"rendered":"<p>diariodominicano.com Santo Domingo, R. D., 8 de agosto, 2021.- La Oficina Judicial de Servicios de Atenci\u00f3n Permanente de Santo Domingo Este impuso este domingo un a\u00f1o de prisi\u00f3n preventiva a una mujer acusada de quemar a una hija de 22 a\u00f1os de edad, el pasado 3 de agosto, tras sostener una discusi\u00f3n en la vivienda [&hellip;]<\/p>\n","protected":false},"author":5,"featured_media":291400,"comment_status":"closed","ping_status":"","sticky":true,"template":"","format":"standard","meta":{"footnotes":""},"categories":[24,27],"tags":[],"class_list":["post-291398","post","type-post","status-publish","format-standard","has-post-thumbnail","hentry","category-justicia-y-derecho","category-portada"],"_links":{"self":[{"href":"https:\/\/diariodominicano.com\/index.php?rest_route=\/wp\/v2\/posts\/291398","targetHints":{"allow":["GET"]}}],"collection":[{"href":"https:\/\/diariodominicano.com\/index.php?rest_route=\/wp\/v2\/posts"}],"about":[{"href":"https:\/\/diariodominicano.com\/index.php?rest_route=\/wp\/v2\/types\/post"}],"author":[{"embeddable":true,"href":"https:\/\/diariodominicano.com\/index.php?rest_route=\/wp\/v2\/users\/5"}],"replies":[{"embeddable":true,"href":"https:\/\/diariodominicano.com\/index.php?rest_route=%2Fwp%2Fv2%2Fcomments&post=291398"}],"version-history":[{"count":1,"href":"https:\/\/diariodominicano.com\/index.php?rest_route=\/wp\/v2\/posts\/291398\/revisions"}],"predecessor-version":[{"id":291401,"href":"https:\/\/diariodominicano.com\/index.php?rest_route=\/wp\/v2\/posts\/291398\/revisions\/291401"}],"wp:featuredmedia":[{"embeddable":true,"href":"https:\/\/diariodominicano.com\/index.php?rest_route=\/wp\/v2\/media\/291400"}],"wp:attachment":[{"href":"https:\/\/diariodominicano.com\/index.php?rest_route=%2Fwp%2Fv2%2Fmedia&parent=291398"}],"wp:term":[{"taxonomy":"category","embeddable":true,"href":"https:\/\/diariodominicano.com\/index.php?rest_route=%2Fwp%2Fv2%2Fcategories&post=291398"},{"taxonomy":"post_tag","embeddable":true,"href":"https:\/\/diariodominicano.com\/index.php?rest_route=%2Fwp%2Fv2%2Ftags&post=291398"}],"curies":[{"name":"wp","href":"https:\/\/api.w.org\/{rel}","templated":true}]}}