{"id":291386,"date":"2021-08-08T15:05:12","date_gmt":"2021-08-08T19:05:12","guid":{"rendered":"http:\/\/diariodominicano.com\/?p=291386"},"modified":"2021-08-08T15:05:12","modified_gmt":"2021-08-08T19:05:12","slug":"historiador-miguel-collado-dictara-conferencia-en-el-118-aniversario-del-fallecimiento-de-hostos","status":"publish","type":"post","link":"https:\/\/diariodominicano.com\/?p=291386","title":{"rendered":"Historiador Miguel Collado dictar\u00e1 conferencia en el 118 aniversario del fallecimiento de Hostos"},"content":{"rendered":"\n<p>diariodominicano.com<\/p>\n\n\n\n<p>Santo Domingo, R. D., 8 de agosto, 2021.-  El investigador y educador dominicano Miguel Collado, dictar\u00e1 la conferencia titulada \u201cEugenio Mar\u00eda de Hostos: Vida itinerante y muerte en Santo Domingo del Maestro de Am\u00e9rica\u201d.<\/p>\n\n\n\n<p>La actividad se llevar\u00e1 a cabo el martes 10 de agosto, 10:00 de la ma\u00f1ana, sal\u00f3n de actos de la ACRD, calle Las Damas esquina El Conde, en la zona Colonial.<\/p>\n\n\n\n<p> La misma se enmarca dentro del programa de actividades conmemorativas del 118 aniversario del fallecimiento del Gran Maestro de Am\u00e9rica, acontecimiento ocurrido el 11 de agosto de 1903 en la ciudad de Santo Domingo. <\/p>\n\n\n\n<p>La misma es auspiciada por la Academia de Ciencias de la Rep\u00fablica Dominicana, el Centro Dominicano de Estudios Hostosianos (CEDEH) y de la Direcci\u00f3n de Capacitaci\u00f3n de la Asociaci\u00f3n Dominicana de Profesionales en Administraci\u00f3n (ADOPA).Hostos, nacido en Mayag\u00fcez (Puerto Rico) el 11 de enero de 1839, fue el propulsor de la primera gran revoluci\u00f3n de la educaci\u00f3n en Rep\u00fablica Dominicana, por lo que es considerado el Padre de la educaci\u00f3n moderna dominicana.<\/p>\n\n\n\n<p> Detalles y datos sobre su v\u00ednculo con el pa\u00eds que el mismo Hostos asumi\u00f3 como su segunda patria, ser\u00e1n ofrecidos en su conferencia por Collado.<\/p>\n\n\n\n<p>Producto de sus investigaciones en torno a Eugenio Mar\u00eda de Hostos, el reconocido conferencista hostosiano ha publicado los libros \u00abBibliohemerograf\u00eda hostosiana de autores dominicanos (1876-2003)\u00bb (2003), \u00abVisi\u00f3n de Hostos sobre Duarte\u00bb (2013) y \u00abTributo a Hostos (textos en su memoria)\u00bb (2014). Actualmente, Miguel Collado, es presidente-fundador del Centro Dominicano de Estudios Hostosianos y Miembro Correspondiente de la Academia Dominicana de la Lengua, vicepresidente-fundador de la Liga Hostosiana-Cap\u00edtulo Rep\u00fablica Dominicana, director de la C\u00e1tedra \u00abEugenio Mar\u00eda de Hostos\u00bb de la Universidad Interamericana (UNICA), donde ense\u00f1\u00f3, por varias d\u00e9cadas, las asignaturas Literatura Dominicana, Historia de la Cultura Dominicana y Organizaci\u00f3n y M\u00e9todos.<\/p>\n\n\n\n<p><\/p>\n\n\n\n<figure class=\"wp-block-table\"><table><tbody><tr><td><strong>Academia de Ciencias RD<\/strong><\/td><\/tr><\/tbody><\/table><\/figure>\n\n\n\n<p><em><strong>Prensa Academia de Ciencias de la Rep\u00fablica Dominicana (ACRD).<\/strong><\/em><\/p>\n\n\n\n<p><\/p>\n","protected":false},"excerpt":{"rendered":"<p>diariodominicano.com Santo Domingo, R. D., 8 de agosto, 2021.- El investigador y educador dominicano Miguel Collado, dictar\u00e1 la conferencia titulada \u201cEugenio Mar\u00eda de Hostos: Vida itinerante y muerte en Santo Domingo del Maestro de Am\u00e9rica\u201d. La actividad se llevar\u00e1 a cabo el martes 10 de agosto, 10:00 de la ma\u00f1ana, sal\u00f3n de actos de la [&hellip;]<\/p>\n","protected":false},"author":5,"featured_media":291387,"comment_status":"closed","ping_status":"","sticky":true,"template":"","format":"standard","meta":{"footnotes":""},"categories":[21,27],"tags":[],"class_list":["post-291386","post","type-post","status-publish","format-standard","has-post-thumbnail","hentry","category-cultura","category-portada"],"_links":{"self":[{"href":"https:\/\/diariodominicano.com\/index.php?rest_route=\/wp\/v2\/posts\/291386","targetHints":{"allow":["GET"]}}],"collection":[{"href":"https:\/\/diariodominicano.com\/index.php?rest_route=\/wp\/v2\/posts"}],"about":[{"href":"https:\/\/diariodominicano.com\/index.php?rest_route=\/wp\/v2\/types\/post"}],"author":[{"embeddable":true,"href":"https:\/\/diariodominicano.com\/index.php?rest_route=\/wp\/v2\/users\/5"}],"replies":[{"embeddable":true,"href":"https:\/\/diariodominicano.com\/index.php?rest_route=%2Fwp%2Fv2%2Fcomments&post=291386"}],"version-history":[{"count":1,"href":"https:\/\/diariodominicano.com\/index.php?rest_route=\/wp\/v2\/posts\/291386\/revisions"}],"predecessor-version":[{"id":291388,"href":"https:\/\/diariodominicano.com\/index.php?rest_route=\/wp\/v2\/posts\/291386\/revisions\/291388"}],"wp:featuredmedia":[{"embeddable":true,"href":"https:\/\/diariodominicano.com\/index.php?rest_route=\/wp\/v2\/media\/291387"}],"wp:attachment":[{"href":"https:\/\/diariodominicano.com\/index.php?rest_route=%2Fwp%2Fv2%2Fmedia&parent=291386"}],"wp:term":[{"taxonomy":"category","embeddable":true,"href":"https:\/\/diariodominicano.com\/index.php?rest_route=%2Fwp%2Fv2%2Fcategories&post=291386"},{"taxonomy":"post_tag","embeddable":true,"href":"https:\/\/diariodominicano.com\/index.php?rest_route=%2Fwp%2Fv2%2Ftags&post=291386"}],"curies":[{"name":"wp","href":"https:\/\/api.w.org\/{rel}","templated":true}]}}