{"id":291383,"date":"2021-08-08T14:49:23","date_gmt":"2021-08-08T18:49:23","guid":{"rendered":"http:\/\/diariodominicano.com\/?p=291383"},"modified":"2021-08-08T14:50:03","modified_gmt":"2021-08-08T18:50:03","slug":"el-papa-invita-a-pedir-al-senor-con-sencillez-y-en-familia-que-bendiga-nuestra-vida","status":"publish","type":"post","link":"https:\/\/diariodominicano.com\/?p=291383","title":{"rendered":"El Papa invita a pedir al Se\u00f1or con sencillez, y en familia, que bendiga nuestra vida"},"content":{"rendered":"\n<p>diariodominicano.com<\/p>\n\n\n\n<p>POR\u00a0<a href=\"https:\/\/www.aciprensa.com\/noticias\/el-papa-invita-a-pedir-al-senor-con-sencillez-y-en-familia-que-bendiga-nuestra-vida-36625?rel=author\">MERCEDES DE LA TORRE<\/a>\u00a0| ACI Prensa<\/p>\n\n\n\n<p>Vaticano,  8 de agosto, 2021.-  El Papa Francisco alent\u00f3 a rezar en casa juntos en familia cada d\u00eda e \u201cinvitar a Jes\u00fas, \u2018pan de vida\u2019, y pedirle con sencillez que bendiga lo que hemos hecho y lo que no hemos conseguido hacer\u201d.<\/p>\n\n\n\n<p>As\u00ed lo explic\u00f3 el Santo Padre este 8 de agosto antes del&nbsp;<a href=\"https:\/\/www.aciprensa.com\/noticias\/que-significa-que-jesus-es-el-pan-de-vida-el-papa-francisco-lo-explica-65617\">rezo del \u00c1ngelus dominical<\/a>&nbsp;ante numerosos fieles reunidos en la plaza de San Pedro del Vaticano.<\/p>\n\n\n\n<p>Al comentar el pasaje del Evangelio de San Juan en el cual Jes\u00fas se describe como \u201cYo soy el pan de la vida\u201d el Papa destac\u00f3 que \u201cal menos una vez al d\u00eda nos encontramos para comer juntos; quiz\u00e1 por la noche, en familia, despu\u00e9s de un d\u00eda de trabajo o de estudio\u201d y se\u00f1al\u00f3 que \u201cser\u00eda lindo, antes de partir el pan,\u00a0<strong>invitar a Jes\u00fas, pan de vida, para pedirle con sencillez que bendiga lo que hemos hecho y lo que no hemos conseguido hacer<\/strong>\u201d.<\/p>\n\n\n\n<p>\u201cInvit\u00e9moslo a casa, recemos de forma \u2018dom\u00e9stica\u2019. Jes\u00fas estar\u00e1 en la mesa con nosotros y seremos saciados por un amor m\u00e1s grande\u201d, dijo el Santo Padre.<\/p>\n\n\n\n<p>En esta l\u00ednea, el Pont\u00edfice rez\u00f3 para \u201cque la Virgen Mar\u00eda, en la cual el Verbo se ha hecho carne, nos ayude a crecer, d\u00eda tras d\u00eda, en la amistad con Jes\u00fas, pan de vida\u201d.<\/p>\n\n\n\n<p>Adem\u00e1s, el Santo Padre explic\u00f3 qu\u00e9 significa que Jes\u00fas se describa como \u201cpan de la vida\u201d porque \u201cpara vivir se necesita el pan\u201d y destac\u00f3 que \u201cquien tiene hambre no pide comidas refinadas y caras, sino pan. Quien no tiene trabajo no pide sueldos altos, sino el \u2018pan\u2019 de un empleo\u201d.<\/p>\n\n\n\n<p>Por ello, el Papa indic\u00f3 que \u201c<strong>Jes\u00fas se revela como el pan, es decir lo esencial<\/strong>, lo necesario para la vida de cada d\u00eda\u201d y subray\u00f3 que \u201cno un pan entre muchos otros, sino el pan de la vida\u201d.<\/p>\n\n\n\n<p>\u201cEn otras palabras, nosotros,&nbsp;<strong>sin \u00c9l, m\u00e1s que vivir, sobrevivimos<\/strong>: porque solo \u00c9l nos nutre el alma, solo \u00c9l nos perdona de ese mal que solos no conseguimos superar, solo \u00c9l nos hace sentir amados, aunque todos nos decepcionen, solo \u00c9l nos da la fuerza de amar y perdonar en las dificultades, solo \u00c9l da al coraz\u00f3n esa paz que busca, solo \u00c9l da la vida para siempre cuando la vida aqu\u00ed en la tierra se acaba\u201d, se\u00f1al\u00f3.<\/p>\n\n\n\n<p>Por \u00faltimo, el Santo Padre se\u00f1al\u00f3 que \u201cDios se ha hecho hombre para entrar en lo concreto del mundo, para entrar en lo concreto.\u00a0<strong>Dios se ha hecho hombre por ti, por m\u00ed, para entrar en nuestra vida<\/strong>. Y le interesa todo de nuestra vida\u201d por lo que invit\u00f3 a contarle \u201clos afectos, el trabajo, el d\u00eda, los dolores, las angustias, muchas cosas\u201d.<\/p>\n\n\n\n<p>\u201cLe podemos decir todo, porque Jes\u00fas desea esta intimidad con nosotros. \u00bfQu\u00e9 no desea? Ser dejado en un rinc\u00f3n -\u00c9l, que es el pan-, ser desatendido, colocado en un costado, o invocado solo cuando lo necesitamos\u201d, advirti\u00f3 el Papa.<\/p>\n\n\n\n<p><\/p>\n","protected":false},"excerpt":{"rendered":"<p>diariodominicano.com POR\u00a0MERCEDES DE LA TORRE\u00a0| ACI Prensa Vaticano, 8 de agosto, 2021.- El Papa Francisco alent\u00f3 a rezar en casa juntos en familia cada d\u00eda e \u201cinvitar a Jes\u00fas, \u2018pan de vida\u2019, y pedirle con sencillez que bendiga lo que hemos hecho y lo que no hemos conseguido hacer\u201d. As\u00ed lo explic\u00f3 el Santo Padre [&hellip;]<\/p>\n","protected":false},"author":5,"featured_media":291385,"comment_status":"closed","ping_status":"","sticky":true,"template":"","format":"standard","meta":{"footnotes":""},"categories":[23,27],"tags":[],"class_list":["post-291383","post","type-post","status-publish","format-standard","has-post-thumbnail","hentry","category-internacional","category-portada"],"_links":{"self":[{"href":"https:\/\/diariodominicano.com\/index.php?rest_route=\/wp\/v2\/posts\/291383","targetHints":{"allow":["GET"]}}],"collection":[{"href":"https:\/\/diariodominicano.com\/index.php?rest_route=\/wp\/v2\/posts"}],"about":[{"href":"https:\/\/diariodominicano.com\/index.php?rest_route=\/wp\/v2\/types\/post"}],"author":[{"embeddable":true,"href":"https:\/\/diariodominicano.com\/index.php?rest_route=\/wp\/v2\/users\/5"}],"replies":[{"embeddable":true,"href":"https:\/\/diariodominicano.com\/index.php?rest_route=%2Fwp%2Fv2%2Fcomments&post=291383"}],"version-history":[{"count":1,"href":"https:\/\/diariodominicano.com\/index.php?rest_route=\/wp\/v2\/posts\/291383\/revisions"}],"predecessor-version":[{"id":291384,"href":"https:\/\/diariodominicano.com\/index.php?rest_route=\/wp\/v2\/posts\/291383\/revisions\/291384"}],"wp:featuredmedia":[{"embeddable":true,"href":"https:\/\/diariodominicano.com\/index.php?rest_route=\/wp\/v2\/media\/291385"}],"wp:attachment":[{"href":"https:\/\/diariodominicano.com\/index.php?rest_route=%2Fwp%2Fv2%2Fmedia&parent=291383"}],"wp:term":[{"taxonomy":"category","embeddable":true,"href":"https:\/\/diariodominicano.com\/index.php?rest_route=%2Fwp%2Fv2%2Fcategories&post=291383"},{"taxonomy":"post_tag","embeddable":true,"href":"https:\/\/diariodominicano.com\/index.php?rest_route=%2Fwp%2Fv2%2Ftags&post=291383"}],"curies":[{"name":"wp","href":"https:\/\/api.w.org\/{rel}","templated":true}]}}