{"id":291305,"date":"2021-08-07T17:56:28","date_gmt":"2021-08-07T21:56:28","guid":{"rendered":"http:\/\/diariodominicano.com\/?p=291305"},"modified":"2021-08-07T17:56:28","modified_gmt":"2021-08-07T21:56:28","slug":"continua-en-espaillat-plan-de-contingencia-para-erradicar-peste-porcina-detectan-un-foco-de-contagio","status":"publish","type":"post","link":"https:\/\/diariodominicano.com\/?p=291305","title":{"rendered":"Contin\u00faa en Espaillat plan de contingencia para erradicar peste porcina; detectan un foco de contagio"},"content":{"rendered":"\n<p>diariodominicano.com<\/p>\n\n\n\n<p>T\u00e9cnico espa\u00f1ol especialista en peste porcina africana arriba este lunes a Rep\u00fablica Dominicana<\/p>\n\n\n\n<p>Moca, Espaillat, R. D., 7 de agosto, 2021.\u2013 La Comisi\u00f3n Oficial para el Control y Erradicaci\u00f3n de Brotes de la Peste Porcina Africana supervis\u00f3 aqu\u00ed el plan de contingencia para el control de focos de contagio en granjas y criaderos de traspatio, y anunci\u00f3 que este lunes llega al pa\u00eds un t\u00e9cnico espa\u00f1ol enviado por La Organizaci\u00f3n de la Naciones Unidas para la Alimentaci\u00f3n y la Agricultura (FAO) con la intenci\u00f3n de colaborar en la eliminaci\u00f3n del brote.<\/p>\n\n\n\n<p>El ministro de Agricultura, Limber Cruz, quien encabeza la comisi\u00f3n, inform\u00f3 que este t\u00e9cnico est\u00e1 trabajando en la elaboraci\u00f3n de una vacuna que ayude a contrarrestar la enfermedad de los porcinos, que en la actualidad afecta a criaderos de traspatio y algunas granjas en localidades de la Rep\u00fablica Dominicana.<\/p>\n\n\n\n<p>El pr\u00f3ximo martes a trav\u00e9s del Banco Agr\u00edcola iniciar\u00e1 en S\u00e1nchez Ram\u00edrez, en el municipio de Cotu\u00ed, la entrega de la compensaci\u00f3n econ\u00f3mica seg\u00fan el precio actual en el mercado a los productores cuyos cerdos fueron sacrificados, a fin de que no sean afectados econ\u00f3micamente.<\/p>\n\n\n\n<p>La comisi\u00f3n inform\u00f3 que en Moca s\u00f3lo identificaron un foco de contagio, por lo que las autoridades contin\u00faan reforzando el plan de contingencia para suprimir el virus de la demarcaci\u00f3n.<\/p>\n\n\n\n<p>Agreg\u00f3 que estar\u00e1n apostados aqu\u00ed un amplio equipo para el levantamiento, control y erradicaci\u00f3n, as\u00ed como la utilizaci\u00f3n de m\u00e1quinas pesadas, motobombas, equipos de bioseguridad y sustancias para la desinfecci\u00f3n vehicular y del \u00e1rea a intervenir.<\/p>\n\n\n\n<p>Para la ejecuci\u00f3n del plan contra la peste porcina, el Gobierno dominicano cuenta con el apoyo t\u00e9cnico y econ\u00f3mico del Organismo Internacional Regional de Sanidad Agropecuaria (OIRSA), la FAO y USAID de los Estados Unidos.<\/p>\n\n\n\n<p>Adem\u00e1s del ministro de Agricultura, en la rueda de prensa realizada en la Gobernaci\u00f3n Provincial de Espaillat, participaron el general Juan Manuel M\u00e9ndez, director del Centro de Operaciones de Emergencias (COE); el general Rafael Alegr\u00eda, en representaci\u00f3n del ministro de Defensa; el director de Sanidad Animal, Rafael N\u00fa\u00f1ez y la gobernadora Juana Rosario, entre otras autoridades.<\/p>\n\n\n\n<p>Fuente:  <strong>Prensa Agricultura<\/strong><\/p>\n","protected":false},"excerpt":{"rendered":"<p>diariodominicano.com T\u00e9cnico espa\u00f1ol especialista en peste porcina africana arriba este lunes a Rep\u00fablica Dominicana Moca, Espaillat, R. D., 7 de agosto, 2021.\u2013 La Comisi\u00f3n Oficial para el Control y Erradicaci\u00f3n de Brotes de la Peste Porcina Africana supervis\u00f3 aqu\u00ed el plan de contingencia para el control de focos de contagio en granjas y criaderos de [&hellip;]<\/p>\n","protected":false},"author":5,"featured_media":291306,"comment_status":"closed","ping_status":"","sticky":true,"template":"","format":"standard","meta":{"footnotes":""},"categories":[20,27],"tags":[],"class_list":["post-291305","post","type-post","status-publish","format-standard","has-post-thumbnail","hentry","category-dominicana-hoy","category-portada"],"_links":{"self":[{"href":"https:\/\/diariodominicano.com\/index.php?rest_route=\/wp\/v2\/posts\/291305","targetHints":{"allow":["GET"]}}],"collection":[{"href":"https:\/\/diariodominicano.com\/index.php?rest_route=\/wp\/v2\/posts"}],"about":[{"href":"https:\/\/diariodominicano.com\/index.php?rest_route=\/wp\/v2\/types\/post"}],"author":[{"embeddable":true,"href":"https:\/\/diariodominicano.com\/index.php?rest_route=\/wp\/v2\/users\/5"}],"replies":[{"embeddable":true,"href":"https:\/\/diariodominicano.com\/index.php?rest_route=%2Fwp%2Fv2%2Fcomments&post=291305"}],"version-history":[{"count":1,"href":"https:\/\/diariodominicano.com\/index.php?rest_route=\/wp\/v2\/posts\/291305\/revisions"}],"predecessor-version":[{"id":291307,"href":"https:\/\/diariodominicano.com\/index.php?rest_route=\/wp\/v2\/posts\/291305\/revisions\/291307"}],"wp:featuredmedia":[{"embeddable":true,"href":"https:\/\/diariodominicano.com\/index.php?rest_route=\/wp\/v2\/media\/291306"}],"wp:attachment":[{"href":"https:\/\/diariodominicano.com\/index.php?rest_route=%2Fwp%2Fv2%2Fmedia&parent=291305"}],"wp:term":[{"taxonomy":"category","embeddable":true,"href":"https:\/\/diariodominicano.com\/index.php?rest_route=%2Fwp%2Fv2%2Fcategories&post=291305"},{"taxonomy":"post_tag","embeddable":true,"href":"https:\/\/diariodominicano.com\/index.php?rest_route=%2Fwp%2Fv2%2Ftags&post=291305"}],"curies":[{"name":"wp","href":"https:\/\/api.w.org\/{rel}","templated":true}]}}