{"id":291302,"date":"2021-08-07T17:48:06","date_gmt":"2021-08-07T21:48:06","guid":{"rendered":"http:\/\/diariodominicano.com\/?p=291302"},"modified":"2021-08-07T17:48:06","modified_gmt":"2021-08-07T21:48:06","slug":"adompretur-elige-nuevas-autoridades","status":"publish","type":"post","link":"https:\/\/diariodominicano.com\/?p=291302","title":{"rendered":"Adompretur elige nuevas autoridades"},"content":{"rendered":"\n<p>diariodominicano.com<strong>\u00a0\u00a0<\/strong><\/p>\n\n\n\n<p><strong><em>La Comisi\u00f3n Nacional Electoral de Adompretur inform\u00f3 que la periodista Yenny Polanco Lovera gan\u00f3 las&nbsp;&nbsp;votaciones<\/em><\/strong><strong><em>, en Santo Domingo y las filiales.<\/em><\/strong><\/p>\n\n\n\n<p><strong>Santo Domingo, R. D., 6 de agosto 2021<\/strong>.- La periodista Yenny Lovera postulada por la plancha \u201cTrabajo y Uni\u00f3n\u201d, result\u00f3 electa nueva presidenta de la Asociaci\u00f3n Dominicana de Prensa Tur\u00edstica (Adompretur) para el\u00a0per\u00edodo 2021-2023, durante las elecciones efectuadas este viernes en el Distrito Nacional y 13 filiales provinciales.<\/p>\n\n\n\n<p>Polanco Lovera estar\u00e1 acompa\u00f1ada por Salvador Batista,&nbsp;&nbsp;vicepresidente; Sarah Hern\u00e1ndez, secretaria general; Jos\u00e9 Alberto Selmo, director de Finanzas; Luis Jos\u00e9 Ch\u00e1vez, director de Relaciones Institucionales; Cristian Mota, director de Relaciones P\u00fablicas; Carmen Luz Beato, directora de Capacitaci\u00f3n y&nbsp;&nbsp;Jos\u00e9 Mar\u00eda Reyes, director de Asuntos Regionales.<\/p>\n\n\n\n<p>Tambi\u00e9n, conforman la nueva directiva, Milka Hern\u00e1ndez, directora de Turismo y Cultura; Yubelkys Mej\u00eda, directora de Eventos; Juan de Dios Valent\u00edn, director Mercadeo Institucional; el destacado periodista y gestor ambiental Tony Arias Gil, como presidente del Comit\u00e9 de \u00c9tica; Yomarys G\u00f3mez, secretaria; Amelia Reyes, Wendy Mora y Jos\u00e9 Ram\u00f3n Torres en calidad de miembros.<\/p>\n\n\n\n<p>Como miembros del Comit\u00e9 de \u00c9tica fueron elegidosTony Arias Gil, presidente; Yomarys G\u00f3mez, secretaria; Wendy Mora, Amelia Reyes y Jos\u00e9 Ram\u00f3n Torres, miembros.<\/p>\n\n\n\n<p>Los resultados preliminares de las elecciones fueron dadas a conocer esta noche por la Comisi\u00f3n Nacional Electoral de Adompretur,&nbsp;&nbsp;integrada por&nbsp;Jos\u00e9 Tejada G\u00f3mez, presidente; Osvaldo Soriano, secretario y Dania Goris, miembro.&nbsp;&nbsp;<\/p>\n\n\n\n<p>Los nuevos secretarios generales son&nbsp;Antonio E. Almonte, de Puerto Plata; Ram\u00f3n Zorrilla Sosa, de B\u00e1varo Punta-Cana; Wellington Arsenio P\u00e9rez Vargas, Barahona;&nbsp;Mimelphys Batista, de&nbsp;Constanza;&nbsp;&nbsp;Livio Mariano Cede\u00f1o Cede\u00f1o,&nbsp;Hig\u00fcey; Paula Reyes Dipr\u00e9,&nbsp;La Romana; Rafelina Guzm\u00e1n, de&nbsp;Mar\u00eda Trinidad S\u00e1nchez;&nbsp;&nbsp;Luciano V\u00e1zquez, de la filial Nueva York.<\/p>\n\n\n\n<p>Fausto Gomera, de\u00a0Pedernales; F\u00e9lix Mar\u00eda Peguero, de Peravia;\u00a0Fernando Medina,\u00a0de Saman\u00e1; Daniel Mercado Burgos, de Sos\u00faa-Cabarete; y Gladializa Pereyra, de la filial Santiago. Las elecciones se desarrollaron\u00a0en pleno orden\u00a0a nivel nacional, en horario de 8:00 de la ma\u00f1ana a 4:00 de la tarde.<\/p>\n\n\n\n<p><\/p>\n\n\n\n<p>Fuente:  <strong>Jos\u00e9 Tejada G\u00f3mez<\/strong><\/p>\n","protected":false},"excerpt":{"rendered":"<p>Amelia Reyes, Milka Hern\u00e1ndez, Salvador Batista, Yenny Polanco Lovera, Sarah Hern\u00e1ndez y Jos\u00e9 Mar\u00eda Reyes<\/p>\n","protected":false},"author":5,"featured_media":291303,"comment_status":"closed","ping_status":"","sticky":true,"template":"","format":"standard","meta":{"footnotes":""},"categories":[25,27],"tags":[],"class_list":["post-291302","post","type-post","status-publish","format-standard","has-post-thumbnail","hentry","category-gente","category-portada"],"_links":{"self":[{"href":"https:\/\/diariodominicano.com\/index.php?rest_route=\/wp\/v2\/posts\/291302","targetHints":{"allow":["GET"]}}],"collection":[{"href":"https:\/\/diariodominicano.com\/index.php?rest_route=\/wp\/v2\/posts"}],"about":[{"href":"https:\/\/diariodominicano.com\/index.php?rest_route=\/wp\/v2\/types\/post"}],"author":[{"embeddable":true,"href":"https:\/\/diariodominicano.com\/index.php?rest_route=\/wp\/v2\/users\/5"}],"replies":[{"embeddable":true,"href":"https:\/\/diariodominicano.com\/index.php?rest_route=%2Fwp%2Fv2%2Fcomments&post=291302"}],"version-history":[{"count":1,"href":"https:\/\/diariodominicano.com\/index.php?rest_route=\/wp\/v2\/posts\/291302\/revisions"}],"predecessor-version":[{"id":291304,"href":"https:\/\/diariodominicano.com\/index.php?rest_route=\/wp\/v2\/posts\/291302\/revisions\/291304"}],"wp:featuredmedia":[{"embeddable":true,"href":"https:\/\/diariodominicano.com\/index.php?rest_route=\/wp\/v2\/media\/291303"}],"wp:attachment":[{"href":"https:\/\/diariodominicano.com\/index.php?rest_route=%2Fwp%2Fv2%2Fmedia&parent=291302"}],"wp:term":[{"taxonomy":"category","embeddable":true,"href":"https:\/\/diariodominicano.com\/index.php?rest_route=%2Fwp%2Fv2%2Fcategories&post=291302"},{"taxonomy":"post_tag","embeddable":true,"href":"https:\/\/diariodominicano.com\/index.php?rest_route=%2Fwp%2Fv2%2Ftags&post=291302"}],"curies":[{"name":"wp","href":"https:\/\/api.w.org\/{rel}","templated":true}]}}