{"id":291249,"date":"2021-08-07T17:22:27","date_gmt":"2021-08-07T21:22:27","guid":{"rendered":"http:\/\/diariodominicano.com\/?p=291249"},"modified":"2021-08-07T17:22:27","modified_gmt":"2021-08-07T21:22:27","slug":"gabinete-penitenciario-y-defensoria-del-pueblo-buscan-solucion-para-internos-que-cumplieron-sus-penas-y-tienen-dificultades-para-cubrir-multas","status":"publish","type":"post","link":"https:\/\/diariodominicano.com\/?p=291249","title":{"rendered":"Gabinete Penitenciario y Defensor\u00eda del Pueblo buscan soluci\u00f3n para internos que cumplieron sus penas y tienen dificultades para cubrir multas"},"content":{"rendered":"\n<p>diariodominicano.com<\/p>\n\n\n\n<p><em><u>Direcci\u00f3n General de Prisiones recibe en La Victoria una visita de Pablo Ulloa y los representantes de los Derechos Humanos y el PNUD<\/u><\/em><\/p>\n\n\n\n<p>Santo Domingo, R. D., 7 de agosto, 2021.-  La Direcci\u00f3n General de Prisiones levantar\u00e1, en coordinaci\u00f3n con la Defensor\u00eda del Pueblo, la Comisi\u00f3n Nacional de los Derechos Humanos (CNDH) y la jueza de Ejecuci\u00f3n de la Pena, un registro que permitir\u00e1 buscar una soluci\u00f3n para los casos de privados de libertad que agotaron el tiempo de sus condenas de reclusi\u00f3n y tienen dificultades econ\u00f3micas para cubrir multas o fianzas.<\/p>\n\n\n\n<p>El director general de Prisiones, Roberto Hern\u00e1ndez Basilio, se refiri\u00f3 al tema luego del recorrido del defensor del Pueblo, Pablo Ulloa, por la Penitenciar\u00eda Nacional de La Victoria, durante una visita que cont\u00f3 con la presencia de Jonathan Bar\u00f3 Guti\u00e9rrez, procurador de corte y coordinador del Gabinete Penitenciario.<\/p>\n\n\n\n<p>\u201cTendremos un plan piloto en la Penitenciar\u00eda Nacional de La Victoria; el defensor del Pueblo tiene la idea de crear un fondo, con el apoyo de beisbolistas, para cubrir esas multas\u201d, resalt\u00f3 Hern\u00e1ndez Basilio.<\/p>\n\n\n\n<p>Para obtener su libertad, las personas que han agotado sus a\u00f1os de prisi\u00f3n deben, adem\u00e1s, pagar las multas incluidas en sus sentencias, por lo que este plan facilitar\u00e1 la salida de internos que carecen de recursos econ\u00f3micos para cubrir ese compromiso.<\/p>\n\n\n\n<p>Hern\u00e1ndez Basilio y Bar\u00f3 Guti\u00e9rrez recibieron a Pablo Ulloa en el recorrido, en el que tambi\u00e9n participaron la coordinadora nacional del Nuevo Modelo de Gesti\u00f3n Penitenciaria, Hilda Patricia Lagombra Polanco, y la directora del recinto, Mar\u00eda Soriano.<\/p>\n\n\n\n<p>Junto a Ulloa, visit\u00f3 el centro de privaci\u00f3n de libertad el presidente de la Comisi\u00f3n de los Derechos Humanos de la Rep\u00fablica Dominicana, Manuel Mar\u00eda Mercedes.<\/p>\n\n\n\n<p>La jueza de ejecuci\u00f3n de la Pena, Mercedes Sena, acompa\u00f1\u00f3 a la comitiva.<\/p>\n\n\n\n<p>En su segunda visita al penal, el defensor del Pueblo llev\u00f3 como invitados especiales a Inka Mattila, representante residente del Programa de las Naciones Unidas para el Desarrollo (PNUD), a la campeona panamericana de atletismo Juana Arrendel y al medallista ol\u00edmpico en taekwondo Gabriel Mercedes.<\/p>\n\n\n\n<p>Durante el recorrido, el funcionario ponder\u00f3 la importancia de la conformaci\u00f3n de una plataforma de apoyo econ\u00f3mico que servir\u00e1 para que cientos de privados de libertad obtengan los recursos que les permita honrar las multas que les dar\u00e1n el pase hacia la libertad.<\/p>\n\n\n\n<p>En un ambiente de apertura, Pablo Ulloa recorri\u00f3 el penal en permanente conversaci\u00f3n con los internos. De hecho, el funcionario aprovech\u00f3 para que uno de los privados de libertad le hiciera el \u201ccerquillo\u201d en una de las peluquer\u00edas del recinto.<\/p>\n\n\n\n<figure class=\"wp-block-table\"><table><tbody><tr><td>Fuente:  <strong>Comunicaciones Prensa PGR<\/strong><\/td><\/tr><\/tbody><\/table><\/figure>\n\n\n\n<p><strong>Direcci\u00f3n de Comunicaci\u00f3n y Prensa<\/strong><\/p>\n\n\n\n<p><strong>Procuradur\u00eda General-Ministerio P\u00fablico RD<\/strong><\/p>\n\n\n\n<p><strong>S\u00e1bado, 7 de agosto de 2021<\/strong><\/p>\n\n\n\n<p><strong>Direcci\u00f3n General de Comunicaciones, Prensa y Relaciones P\u00fablicas<\/strong><\/p>\n\n\n\n<p>Procuradur\u00eda General de la Rep\u00fablica Dominicana<\/p>\n","protected":false},"excerpt":{"rendered":"<p>diariodominicano.com Direcci\u00f3n General de Prisiones recibe en La Victoria una visita de Pablo Ulloa y los representantes de los Derechos Humanos y el PNUD Santo Domingo, R. D., 7 de agosto, 2021.- La Direcci\u00f3n General de Prisiones levantar\u00e1, en coordinaci\u00f3n con la Defensor\u00eda del Pueblo, la Comisi\u00f3n Nacional de los Derechos Humanos (CNDH) y la [&hellip;]<\/p>\n","protected":false},"author":5,"featured_media":291291,"comment_status":"closed","ping_status":"","sticky":true,"template":"","format":"standard","meta":{"footnotes":""},"categories":[24,27],"tags":[],"class_list":["post-291249","post","type-post","status-publish","format-standard","has-post-thumbnail","hentry","category-justicia-y-derecho","category-portada"],"_links":{"self":[{"href":"https:\/\/diariodominicano.com\/index.php?rest_route=\/wp\/v2\/posts\/291249","targetHints":{"allow":["GET"]}}],"collection":[{"href":"https:\/\/diariodominicano.com\/index.php?rest_route=\/wp\/v2\/posts"}],"about":[{"href":"https:\/\/diariodominicano.com\/index.php?rest_route=\/wp\/v2\/types\/post"}],"author":[{"embeddable":true,"href":"https:\/\/diariodominicano.com\/index.php?rest_route=\/wp\/v2\/users\/5"}],"replies":[{"embeddable":true,"href":"https:\/\/diariodominicano.com\/index.php?rest_route=%2Fwp%2Fv2%2Fcomments&post=291249"}],"version-history":[{"count":1,"href":"https:\/\/diariodominicano.com\/index.php?rest_route=\/wp\/v2\/posts\/291249\/revisions"}],"predecessor-version":[{"id":291292,"href":"https:\/\/diariodominicano.com\/index.php?rest_route=\/wp\/v2\/posts\/291249\/revisions\/291292"}],"wp:featuredmedia":[{"embeddable":true,"href":"https:\/\/diariodominicano.com\/index.php?rest_route=\/wp\/v2\/media\/291291"}],"wp:attachment":[{"href":"https:\/\/diariodominicano.com\/index.php?rest_route=%2Fwp%2Fv2%2Fmedia&parent=291249"}],"wp:term":[{"taxonomy":"category","embeddable":true,"href":"https:\/\/diariodominicano.com\/index.php?rest_route=%2Fwp%2Fv2%2Fcategories&post=291249"},{"taxonomy":"post_tag","embeddable":true,"href":"https:\/\/diariodominicano.com\/index.php?rest_route=%2Fwp%2Fv2%2Ftags&post=291249"}],"curies":[{"name":"wp","href":"https:\/\/api.w.org\/{rel}","templated":true}]}}