{"id":291237,"date":"2021-08-07T12:43:45","date_gmt":"2021-08-07T16:43:45","guid":{"rendered":"http:\/\/diariodominicano.com\/?p=291237"},"modified":"2021-08-07T12:43:45","modified_gmt":"2021-08-07T16:43:45","slug":"honduras-realiza-segundo-vacunaton-para-inocular-contra-covid-19-a-mas-de-125-000-personas","status":"publish","type":"post","link":"https:\/\/diariodominicano.com\/?p=291237","title":{"rendered":"Honduras realiza segundo Vacunat\u00f3n para inocular contra COVID-19 a m\u00e1s de 125.000 personas"},"content":{"rendered":"\n<p>diariodominicano.com<a rel=\"noreferrer noopener\" href=\"http:\/\/home.xinhua-news.com\/gdsdetailxhs\/share\/9805413-?pageflag=iframe\" target=\"_blank\"><\/a><\/p>\n\n\n\n<pre id=\"text-news-description\" class=\"wp-block-preformatted\">   TEGUCIGALPA, 7 ago (Xinhua) -- Honduras inici\u00f3 hoy s\u00e1bado su segundo Vacunat\u00f3n, una ambiciosa jornada de inoculaci\u00f3n que busca inmunizar contra la enfermedad del nuevo coronavirus (COVID-19) a m\u00e1s de 125.000 personas, inform\u00f3 la Secretar\u00eda (ministerio) de Salud.\n   En siete de los 18 departamentos del pa\u00eds con mayor incidencia y mortalidad se instalaron m\u00e1s de 70 puestos de vacunaci\u00f3n para atender a personas mayores de 35 a\u00f1os.\n  Las regiones donde atender\u00e1n las brigadas sanitarias son Cort\u00e9s (norte), Comayagua (centro), La Paz (centro), El Para\u00edso (oriente), Olancho (noroeste), Choluteca (sur) y Valle (sur).\n   El lunes pasado, el presidente hondure\u00f1o, Juan Orlando Hern\u00e1ndez, inform\u00f3 en un mensaje a la naci\u00f3n que \"ya van exactamente 2.108.208 hondure\u00f1os vacunados, de los cuales casi 300.000 ya tienen su segunda dosis\".\n   El mandatario indic\u00f3 que esa cifra se logr\u00f3 gracias al primer Vacunat\u00f3n, el cual tuvo lugar el fin de semana pasado, cuando se inocularon 126.149 personas principalmente en Tegucigalpa, la capital del pa\u00eds.\n   Hasta el momento, la naci\u00f3n centroamericana acumula 305.936 casos positivos y 8.120 fallecidos a causa de la COVID-19, seg\u00fan el \u00faltimo reporte de la Secretar\u00eda de Salud.<\/pre>\n","protected":false},"excerpt":{"rendered":"<p>diariodominicano.com TEGUCIGALPA, 7 ago (Xinhua) &#8212; Honduras inici\u00f3 hoy s\u00e1bado su segundo Vacunat\u00f3n, una ambiciosa jornada de inoculaci\u00f3n que busca inmunizar contra la enfermedad del nuevo coronavirus (COVID-19) a m\u00e1s de 125.000 personas, inform\u00f3 la Secretar\u00eda (ministerio) de Salud. En siete de los 18 departamentos del pa\u00eds con mayor incidencia y mortalidad se instalaron m\u00e1s [&hellip;]<\/p>\n","protected":false},"author":5,"featured_media":291238,"comment_status":"closed","ping_status":"","sticky":true,"template":"","format":"standard","meta":{"footnotes":""},"categories":[23,27],"tags":[],"class_list":["post-291237","post","type-post","status-publish","format-standard","has-post-thumbnail","hentry","category-internacional","category-portada"],"_links":{"self":[{"href":"https:\/\/diariodominicano.com\/index.php?rest_route=\/wp\/v2\/posts\/291237","targetHints":{"allow":["GET"]}}],"collection":[{"href":"https:\/\/diariodominicano.com\/index.php?rest_route=\/wp\/v2\/posts"}],"about":[{"href":"https:\/\/diariodominicano.com\/index.php?rest_route=\/wp\/v2\/types\/post"}],"author":[{"embeddable":true,"href":"https:\/\/diariodominicano.com\/index.php?rest_route=\/wp\/v2\/users\/5"}],"replies":[{"embeddable":true,"href":"https:\/\/diariodominicano.com\/index.php?rest_route=%2Fwp%2Fv2%2Fcomments&post=291237"}],"version-history":[{"count":1,"href":"https:\/\/diariodominicano.com\/index.php?rest_route=\/wp\/v2\/posts\/291237\/revisions"}],"predecessor-version":[{"id":291239,"href":"https:\/\/diariodominicano.com\/index.php?rest_route=\/wp\/v2\/posts\/291237\/revisions\/291239"}],"wp:featuredmedia":[{"embeddable":true,"href":"https:\/\/diariodominicano.com\/index.php?rest_route=\/wp\/v2\/media\/291238"}],"wp:attachment":[{"href":"https:\/\/diariodominicano.com\/index.php?rest_route=%2Fwp%2Fv2%2Fmedia&parent=291237"}],"wp:term":[{"taxonomy":"category","embeddable":true,"href":"https:\/\/diariodominicano.com\/index.php?rest_route=%2Fwp%2Fv2%2Fcategories&post=291237"},{"taxonomy":"post_tag","embeddable":true,"href":"https:\/\/diariodominicano.com\/index.php?rest_route=%2Fwp%2Fv2%2Ftags&post=291237"}],"curies":[{"name":"wp","href":"https:\/\/api.w.org\/{rel}","templated":true}]}}